{"id":45508,"date":"2020-03-26T12:29:31","date_gmt":"2020-03-26T18:29:31","guid":{"rendered":"http:\/\/globalnewsmexico.com\/sitio\/?p=45508"},"modified":"2020-03-26T12:29:31","modified_gmt":"2020-03-26T18:29:31","slug":"abaten-a-dos-presuntos-ladrones-en-jaltipan-veracruz","status":"publish","type":"post","link":"https:\/\/globalnewsmexico.com\/sitio\/abaten-a-dos-presuntos-ladrones-en-jaltipan-veracruz\/","title":{"rendered":"Abaten a dos presuntos ladrones en J\u00e1ltipan, Veracruz"},"content":{"rendered":"<p>Dos presuntos ladrones fueron abatidos por elementos de la Secretaria de Seguridad P\u00fablica en J\u00e1ltipan, Veracruz, durante un operativo para recuperar un veh\u00edculo que habr\u00edan robado.<\/p>\n<p>Un hombre report\u00f3 a las autoridades policiacas que fue objeto del robo con violencia de su veh\u00edculo. Relat\u00f3 que fue sorprendido cuando circulaba sobre la calle Veracruz, de la colonia Agraria en J\u00e1ltipan de Morelos, Veracruz, donde fue interceptado por una camioneta Ford tipo Ecosport con varios hombres a bordo.<\/p>\n<p>A punta de pistola, los sujetos lo despojaron de la unidad de la marca Toyota tipo Hilux, color blanco, y emprendieron la huida hacia el camino a San Lorenzo.<\/p>\n<p>Elementos de la Secretaria de Seguridad P\u00fablica implementaron un fuerte dispositivo de seguridad, y lograron avistar la camioneta sobre la autopista en el tramo Minatitl\u00e1n-Sayula de Alem\u00e1n.<\/p>\n<p>Fue as\u00ed que se desat\u00f3 la persecuci\u00f3n en la que los ladrones se negaron a detenerse, e incluso abrieron fuego contra los oficiales al verse rodeados, por lo que estos \u00faltimos repelieron la agresi\u00f3n.<\/p>\n<p>Como resultado, dos presuntos delincuentes perdieron la vida en el sitio, y extraoficialmente se habl\u00f3 de que uno m\u00e1s alcanz\u00f3 a escapar tras correr por el monte.<\/p>\n<p>Fuente: Xeu Noticias<\/p>\n","protected":false},"excerpt":{"rendered":"<p>Dos presuntos ladrones fueron abatidos por elementos de la Secretaria de Seguridad P\u00fablica en J\u00e1ltipan, Veracruz, durante un operativo para recuperar un veh\u00edculo que habr\u00edan robado. Un hombre report\u00f3 a las autoridades policiacas que fue objeto del robo con violencia de su veh\u00edculo. Relat\u00f3 que fue sorprendido cuando circulaba sobre la calle Veracruz, de la<a class=\"read-more\" href=\"https:\/\/globalnewsmexico.com\/sitio\/abaten-a-dos-presuntos-ladrones-en-jaltipan-veracruz\/\">Leer m\u00e1s<\/a><\/p>\n","protected":false},"author":5,"featured_media":45509,"comment_status":"closed","ping_status":"open","sticky":false,"template":"","format":"standard","meta":{"spay_email":"","footnotes":""},"categories":[37,8,50,52],"tags":[],"jetpack_featured_media_url":"https:\/\/i1.wp.com\/globalnewsmexico.com\/sitio\/wp-content\/uploads\/2020\/03\/1092158.jpg?fit=1024%2C683&ssl=1","jetpack_sharing_enabled":true,"jetpack_shortlink":"https:\/\/wp.me\/p9yqPL-bQ0","jetpack_likes_enabled":true,"_links":{"self":[{"href":"https:\/\/globalnewsmexico.com\/sitio\/wp-json\/wp\/v2\/posts\/45508"}],"collection":[{"href":"https:\/\/globalnewsmexico.com\/sitio\/wp-json\/wp\/v2\/posts"}],"about":[{"href":"https:\/\/globalnewsmexico.com\/sitio\/wp-json\/wp\/v2\/types\/post"}],"author":[{"embeddable":true,"href":"https:\/\/globalnewsmexico.com\/sitio\/wp-json\/wp\/v2\/users\/5"}],"replies":[{"embeddable":true,"href":"https:\/\/globalnewsmexico.com\/sitio\/wp-json\/wp\/v2\/comments?post=45508"}],"version-history":[{"count":0,"href":"https:\/\/globalnewsmexico.com\/sitio\/wp-json\/wp\/v2\/posts\/45508\/revisions"}],"wp:featuredmedia":[{"embeddable":true,"href":"https:\/\/globalnewsmexico.com\/sitio\/wp-json\/wp\/v2\/media\/45509"}],"wp:attachment":[{"href":"https:\/\/globalnewsmexico.com\/sitio\/wp-json\/wp\/v2\/media?parent=45508"}],"wp:term":[{"taxonomy":"category","embeddable":true,"href":"https:\/\/globalnewsmexico.com\/sitio\/wp-json\/wp\/v2\/categories?post=45508"},{"taxonomy":"post_tag","embeddable":true,"href":"https:\/\/globalnewsmexico.com\/sitio\/wp-json\/wp\/v2\/tags?post=45508"}],"curies":[{"name":"wp","href":"https:\/\/api.w.org\/{rel}","templated":true}]}}