{"id":45520,"date":"2020-03-26T13:35:57","date_gmt":"2020-03-26T19:35:57","guid":{"rendered":"http:\/\/globalnewsmexico.com\/sitio\/?p=45520"},"modified":"2020-03-26T13:35:57","modified_gmt":"2020-03-26T19:35:57","slug":"gobierno-de-veracruz-suspende-labores-por-coronavirus","status":"publish","type":"post","link":"https:\/\/globalnewsmexico.com\/sitio\/gobierno-de-veracruz-suspende-labores-por-coronavirus\/","title":{"rendered":"Gobierno de Veracruz suspende labores por coronavirus"},"content":{"rendered":"<p>El gobernador de Veracruz, Cuitl\u00e1huac Garc\u00eda Jim\u00e9nez, inform\u00f3 que a partir de hoy, a las 2 de la tarde, los trabajadores de base de la administraci\u00f3n p\u00fablica estatal suspender\u00e1n labores y deber\u00e1n irse a sus hogares, como parte de las medidas preventivas por la fase dos de la pandemia de coronavirus. <\/p>\n<p>\u201cEstamos alineados con la federaci\u00f3n, las medidas se toman en su momento, ni antes ni despu\u00e9s, y ya les ped\u00ed a los secretarios que se preparen para la suspensi\u00f3n de actividades para trabajadores de base a partir de las 2 de la tarde (de este jueves), menos que no est\u00e9n en guardias\u201d, dijo.<\/p>\n<p>En el estado hay poco m\u00e1s de 92 mil trabajadores de base, de contrato y empleados temporales administrativos (ETA), de los cuales al menos 22 mil 332 del sector p\u00fablico centralizado y 69 mil 672 corresponden al magisterio estatal<\/p>\n<p>El mandatario indic\u00f3 que en el caso de las jefaturas, subdirectores, directores, subsecretarios y secretarios, la suspensi\u00f3n de labores no aplica.  <\/p>\n<p>\u201cNosotros nos quedamos a planificar las actividades de las cuales la poblaci\u00f3n depende, adem\u00e1s de Salud, Seguridad P\u00fablica, Protecci\u00f3n Civil, la oficina del Gobernador, porque tenemos que dise\u00f1ar actividades que coincidan con la recomendaci\u00f3n de la Federaci\u00f3n para disminuir dr\u00e1sticamente la movilidad de personas.  <\/p>\n<p>\u201cEste es un parteaguas de las medidas; es primordial atender la recomendaci\u00f3n de sana distancia y por lo tanto a partir de las 2 de la tarde lo haremos\u201d.<\/p>\n<p>Fuente: Xeu Noticias<\/p>\n","protected":false},"excerpt":{"rendered":"<p>El gobernador de Veracruz, Cuitl\u00e1huac Garc\u00eda Jim\u00e9nez, inform\u00f3 que a partir de hoy, a las 2 de la tarde, los trabajadores de base de la administraci\u00f3n p\u00fablica estatal suspender\u00e1n labores y deber\u00e1n irse a sus hogares, como parte de las medidas preventivas por la fase dos de la pandemia de coronavirus. \u201cEstamos alineados con la<a class=\"read-more\" href=\"https:\/\/globalnewsmexico.com\/sitio\/gobierno-de-veracruz-suspende-labores-por-coronavirus\/\">Leer m\u00e1s<\/a><\/p>\n","protected":false},"author":5,"featured_media":45521,"comment_status":"closed","ping_status":"open","sticky":false,"template":"","format":"standard","meta":{"spay_email":"","footnotes":""},"categories":[37,8,39,52],"tags":[],"jetpack_featured_media_url":"https:\/\/i1.wp.com\/globalnewsmexico.com\/sitio\/wp-content\/uploads\/2020\/03\/palacio-veracruz.jpg?fit=1040%2C687&ssl=1","jetpack_sharing_enabled":true,"jetpack_shortlink":"https:\/\/wp.me\/p9yqPL-bQc","jetpack_likes_enabled":true,"_links":{"self":[{"href":"https:\/\/globalnewsmexico.com\/sitio\/wp-json\/wp\/v2\/posts\/45520"}],"collection":[{"href":"https:\/\/globalnewsmexico.com\/sitio\/wp-json\/wp\/v2\/posts"}],"about":[{"href":"https:\/\/globalnewsmexico.com\/sitio\/wp-json\/wp\/v2\/types\/post"}],"author":[{"embeddable":true,"href":"https:\/\/globalnewsmexico.com\/sitio\/wp-json\/wp\/v2\/users\/5"}],"replies":[{"embeddable":true,"href":"https:\/\/globalnewsmexico.com\/sitio\/wp-json\/wp\/v2\/comments?post=45520"}],"version-history":[{"count":0,"href":"https:\/\/globalnewsmexico.com\/sitio\/wp-json\/wp\/v2\/posts\/45520\/revisions"}],"wp:featuredmedia":[{"embeddable":true,"href":"https:\/\/globalnewsmexico.com\/sitio\/wp-json\/wp\/v2\/media\/45521"}],"wp:attachment":[{"href":"https:\/\/globalnewsmexico.com\/sitio\/wp-json\/wp\/v2\/media?parent=45520"}],"wp:term":[{"taxonomy":"category","embeddable":true,"href":"https:\/\/globalnewsmexico.com\/sitio\/wp-json\/wp\/v2\/categories?post=45520"},{"taxonomy":"post_tag","embeddable":true,"href":"https:\/\/globalnewsmexico.com\/sitio\/wp-json\/wp\/v2\/tags?post=45520"}],"curies":[{"name":"wp","href":"https:\/\/api.w.org\/{rel}","templated":true}]}}