{"id":45558,"date":"2020-03-27T11:51:29","date_gmt":"2020-03-27T17:51:29","guid":{"rendered":"http:\/\/globalnewsmexico.com\/sitio\/?p=45558"},"modified":"2020-03-27T11:51:29","modified_gmt":"2020-03-27T17:51:29","slug":"mexicanos-varados-en-peru-volaran-de-regreso-al-pais","status":"publish","type":"post","link":"https:\/\/globalnewsmexico.com\/sitio\/mexicanos-varados-en-peru-volaran-de-regreso-al-pais\/","title":{"rendered":"Mexicanos varados en Per\u00fa volar\u00e1n de regreso al pa\u00eds"},"content":{"rendered":"<p>Un nuevo grupo de 22 mexicanos varados en Per\u00fa, ya se encuentra en el Aeropuerto Internacional Jorge Ch\u00e1vez ubicado en el Callao, pr\u00f3ximo al \u00e1rea metropolitana de Lima, para volar de regreso a M\u00e9xico despu\u00e9s de permanecer confinados 14 d\u00edas por el Covid-19.<\/p>\n<p>Cecilia de los \u00c1ngeles Osorio dijo que los connacionales viajan sin s\u00edntomas, aparentemente sanos, pero que esperan que el Gobierno de M\u00e9xico est\u00e9 preparado con protocolos para recibirlos y evitar contagios.<\/p>\n<p>La mexicana dio a conocer que no tienen hora de salida de la terminal a\u00e9rea, aunque les adelantaron que el viaje ser\u00e1 demasiado largo.<\/p>\n<p>Se espera que en este vuelo tambi\u00e9n se incluya a connacionales que permanec\u00edan en Arequipa despu\u00e9s de visitar Cusco, que son parte del mismo grupo donde muri\u00f3 un mexicano por Coronavirus all\u00e1 en Per\u00fa.<\/p>\n<p>Fuente: Exc\u00e9lsior<\/p>\n","protected":false},"excerpt":{"rendered":"<p>Un nuevo grupo de 22 mexicanos varados en Per\u00fa, ya se encuentra en el Aeropuerto Internacional Jorge Ch\u00e1vez ubicado en el Callao, pr\u00f3ximo al \u00e1rea metropolitana de Lima, para volar de regreso a M\u00e9xico despu\u00e9s de permanecer confinados 14 d\u00edas por el Covid-19. Cecilia de los \u00c1ngeles Osorio dijo que los connacionales viajan sin s\u00edntomas,<a class=\"read-more\" href=\"https:\/\/globalnewsmexico.com\/sitio\/mexicanos-varados-en-peru-volaran-de-regreso-al-pais\/\">Leer m\u00e1s<\/a><\/p>\n","protected":false},"author":5,"featured_media":45559,"comment_status":"closed","ping_status":"open","sticky":false,"template":"","format":"standard","meta":{"spay_email":"","footnotes":""},"categories":[37,8,40,52],"tags":[],"jetpack_featured_media_url":"https:\/\/i1.wp.com\/globalnewsmexico.com\/sitio\/wp-content\/uploads\/2020\/03\/2332582.jpg?fit=1040%2C780&ssl=1","jetpack_sharing_enabled":true,"jetpack_shortlink":"https:\/\/wp.me\/p9yqPL-bQO","jetpack_likes_enabled":true,"_links":{"self":[{"href":"https:\/\/globalnewsmexico.com\/sitio\/wp-json\/wp\/v2\/posts\/45558"}],"collection":[{"href":"https:\/\/globalnewsmexico.com\/sitio\/wp-json\/wp\/v2\/posts"}],"about":[{"href":"https:\/\/globalnewsmexico.com\/sitio\/wp-json\/wp\/v2\/types\/post"}],"author":[{"embeddable":true,"href":"https:\/\/globalnewsmexico.com\/sitio\/wp-json\/wp\/v2\/users\/5"}],"replies":[{"embeddable":true,"href":"https:\/\/globalnewsmexico.com\/sitio\/wp-json\/wp\/v2\/comments?post=45558"}],"version-history":[{"count":0,"href":"https:\/\/globalnewsmexico.com\/sitio\/wp-json\/wp\/v2\/posts\/45558\/revisions"}],"wp:featuredmedia":[{"embeddable":true,"href":"https:\/\/globalnewsmexico.com\/sitio\/wp-json\/wp\/v2\/media\/45559"}],"wp:attachment":[{"href":"https:\/\/globalnewsmexico.com\/sitio\/wp-json\/wp\/v2\/media?parent=45558"}],"wp:term":[{"taxonomy":"category","embeddable":true,"href":"https:\/\/globalnewsmexico.com\/sitio\/wp-json\/wp\/v2\/categories?post=45558"},{"taxonomy":"post_tag","embeddable":true,"href":"https:\/\/globalnewsmexico.com\/sitio\/wp-json\/wp\/v2\/tags?post=45558"}],"curies":[{"name":"wp","href":"https:\/\/api.w.org\/{rel}","templated":true}]}}