{"id":45580,"date":"2020-03-27T13:35:53","date_gmt":"2020-03-27T19:35:53","guid":{"rendered":"http:\/\/globalnewsmexico.com\/sitio\/?p=45580"},"modified":"2020-03-27T13:35:53","modified_gmt":"2020-03-27T19:35:53","slug":"suspension-del-examen-de-admision-para-uv-depende-de-covid-19-fesapauv","status":"publish","type":"post","link":"https:\/\/globalnewsmexico.com\/sitio\/suspension-del-examen-de-admision-para-uv-depende-de-covid-19-fesapauv\/","title":{"rendered":"Suspensi\u00f3n del examen de admisi\u00f3n para UV, depende de Covid-19: Fesapauv"},"content":{"rendered":"<p>La suspensi\u00f3n del examen de admisi\u00f3n de la Universidad Veracruzana (UV), depender\u00e1 de c\u00f3mo se desarrolle el Covid-19 en Veracruz.<\/p>\n<p>As\u00ed lo inform\u00f3 el secretario del Sindicato del Personal Acad\u00e9mico de la Universidad Veracruzana (Fesapauv), Enrique Levet Gorozpe.<\/p>\n<p>\u00abSi es necesario lo va a posponer, esa es una decisi\u00f3n que deben tomar las autoridades de la Universidad, habr\u00eda que ver qu\u00e9 tanto va a durar la contingencia, yo creo que la contingencia va a amainar para esas fechas, pero si la UV considera que todav\u00eda se corren riesgos, no lo va a querer correr, las autoridades no van a ser irresponsables\u00bb, dijo.<\/p>\n<p>Asegur\u00f3 que la UV est\u00e1 consciente de las circunstancias sanitarias que se viven en Veracruz, por lo que  posponer o cancelar el examen de admisi\u00f3n a la casa de estudios, se dar\u00e1 a conocer en su momento.<\/p>\n<p>M\u00e1s de 45 mil aspirantes presentar\u00e1n el examen para alcanzar un lugar en los 16 mil disponibles, para las diferentes licenciaturas que oferta esa instituci\u00f3n.<\/p>\n<p>Fuente: Ana Lilia Vel\u00e1zquez<\/p>\n","protected":false},"excerpt":{"rendered":"<p>La suspensi\u00f3n del examen de admisi\u00f3n de la Universidad Veracruzana (UV), depender\u00e1 de c\u00f3mo se desarrolle el Covid-19 en Veracruz. As\u00ed lo inform\u00f3 el secretario del Sindicato del Personal Acad\u00e9mico de la Universidad Veracruzana (Fesapauv), Enrique Levet Gorozpe. \u00abSi es necesario lo va a posponer, esa es una decisi\u00f3n que deben tomar las autoridades de<a class=\"read-more\" href=\"https:\/\/globalnewsmexico.com\/sitio\/suspension-del-examen-de-admision-para-uv-depende-de-covid-19-fesapauv\/\">Leer m\u00e1s<\/a><\/p>\n","protected":false},"author":5,"featured_media":45581,"comment_status":"closed","ping_status":"open","sticky":false,"template":"","format":"standard","meta":{"spay_email":"","footnotes":""},"categories":[37,8,50,52],"tags":[],"jetpack_featured_media_url":"https:\/\/i0.wp.com\/globalnewsmexico.com\/sitio\/wp-content\/uploads\/2020\/03\/1bd652e6-ab19-465b-8d98-e9825d61a414.jpg?fit=1040%2C585&ssl=1","jetpack_sharing_enabled":true,"jetpack_shortlink":"https:\/\/wp.me\/p9yqPL-bRa","jetpack_likes_enabled":true,"_links":{"self":[{"href":"https:\/\/globalnewsmexico.com\/sitio\/wp-json\/wp\/v2\/posts\/45580"}],"collection":[{"href":"https:\/\/globalnewsmexico.com\/sitio\/wp-json\/wp\/v2\/posts"}],"about":[{"href":"https:\/\/globalnewsmexico.com\/sitio\/wp-json\/wp\/v2\/types\/post"}],"author":[{"embeddable":true,"href":"https:\/\/globalnewsmexico.com\/sitio\/wp-json\/wp\/v2\/users\/5"}],"replies":[{"embeddable":true,"href":"https:\/\/globalnewsmexico.com\/sitio\/wp-json\/wp\/v2\/comments?post=45580"}],"version-history":[{"count":0,"href":"https:\/\/globalnewsmexico.com\/sitio\/wp-json\/wp\/v2\/posts\/45580\/revisions"}],"wp:featuredmedia":[{"embeddable":true,"href":"https:\/\/globalnewsmexico.com\/sitio\/wp-json\/wp\/v2\/media\/45581"}],"wp:attachment":[{"href":"https:\/\/globalnewsmexico.com\/sitio\/wp-json\/wp\/v2\/media?parent=45580"}],"wp:term":[{"taxonomy":"category","embeddable":true,"href":"https:\/\/globalnewsmexico.com\/sitio\/wp-json\/wp\/v2\/categories?post=45580"},{"taxonomy":"post_tag","embeddable":true,"href":"https:\/\/globalnewsmexico.com\/sitio\/wp-json\/wp\/v2\/tags?post=45580"}],"curies":[{"name":"wp","href":"https:\/\/api.w.org\/{rel}","templated":true}]}}