{"id":45697,"date":"2020-03-31T09:48:28","date_gmt":"2020-03-31T15:48:28","guid":{"rendered":"http:\/\/globalnewsmexico.com\/sitio\/?p=45697"},"modified":"2020-03-31T09:48:28","modified_gmt":"2020-03-31T15:48:28","slug":"advierten-sanciones-a-empresas-que-ignoren-medidas-ante-coronavirus","status":"publish","type":"post","link":"https:\/\/globalnewsmexico.com\/sitio\/advierten-sanciones-a-empresas-que-ignoren-medidas-ante-coronavirus\/","title":{"rendered":"Advierten sanciones a empresas que ignoren medidas ante coronavirus"},"content":{"rendered":"<p>El Gobierno federal advirti\u00f3 que las empresas que no cumplan las disposiciones anunciadas ante la emergencia sanitaria por coronavirus, se har\u00e1n acreedoras a sanciones que pueden ser administrativas o de tipo penal.<\/p>\n<p>El canciller mexicano manifest\u00f3 al respecto que no esperan una oposici\u00f3n del sector privado a la orden de suspender actividades no esenciales, debido a que este sector ten\u00eda conocimiento de que la suspensi\u00f3n de actividades se implementar\u00eda en alg\u00fan momento de la epidemia.<\/p>\n<p>No obstante, advirti\u00f3 que habr\u00e1 \u00abdesde sanciones administrativas, que te pongan una multa o una clausura, hasta inclusive, si se demuestra que por raz\u00f3n de que t\u00fa hiciste eso (no suspender actividades esenciales) alguien se contagi\u00f3, pues puedes tener hasta responsabilidad penales\u00bb.<\/p>\n<p>Inform\u00f3 que las sanciones se pueden imponer tanto a las razones sociales como a las personas f\u00edsicas involucradas: \u00abEsta declaratoria de emergencia es por causa de fuerza mayor. En ese caso la disposici\u00f3n legal no permite la aplicaci\u00f3n del art\u00edculo (que permite reducir salarios). La empresa que lo intente, se va a enfrentar en el proceso laboral, que va a perder\u00bb.<\/p>\n<p>Fuente: Reforma<\/p>\n","protected":false},"excerpt":{"rendered":"<p>El Gobierno federal advirti\u00f3 que las empresas que no cumplan las disposiciones anunciadas ante la emergencia sanitaria por coronavirus, se har\u00e1n acreedoras a sanciones que pueden ser administrativas o de tipo penal. El canciller mexicano manifest\u00f3 al respecto que no esperan una oposici\u00f3n del sector privado a la orden de suspender actividades no esenciales, debido<a class=\"read-more\" href=\"https:\/\/globalnewsmexico.com\/sitio\/advierten-sanciones-a-empresas-que-ignoren-medidas-ante-coronavirus\/\">Leer m\u00e1s<\/a><\/p>\n","protected":false},"author":5,"featured_media":45698,"comment_status":"closed","ping_status":"open","sticky":false,"template":"","format":"standard","meta":{"spay_email":"","footnotes":""},"categories":[37,8,39,52],"tags":[],"jetpack_featured_media_url":"https:\/\/i1.wp.com\/globalnewsmexico.com\/sitio\/wp-content\/uploads\/2020\/03\/1092965.jpg?fit=1024%2C587&ssl=1","jetpack_sharing_enabled":true,"jetpack_shortlink":"https:\/\/wp.me\/p9yqPL-bT3","jetpack_likes_enabled":true,"_links":{"self":[{"href":"https:\/\/globalnewsmexico.com\/sitio\/wp-json\/wp\/v2\/posts\/45697"}],"collection":[{"href":"https:\/\/globalnewsmexico.com\/sitio\/wp-json\/wp\/v2\/posts"}],"about":[{"href":"https:\/\/globalnewsmexico.com\/sitio\/wp-json\/wp\/v2\/types\/post"}],"author":[{"embeddable":true,"href":"https:\/\/globalnewsmexico.com\/sitio\/wp-json\/wp\/v2\/users\/5"}],"replies":[{"embeddable":true,"href":"https:\/\/globalnewsmexico.com\/sitio\/wp-json\/wp\/v2\/comments?post=45697"}],"version-history":[{"count":0,"href":"https:\/\/globalnewsmexico.com\/sitio\/wp-json\/wp\/v2\/posts\/45697\/revisions"}],"wp:featuredmedia":[{"embeddable":true,"href":"https:\/\/globalnewsmexico.com\/sitio\/wp-json\/wp\/v2\/media\/45698"}],"wp:attachment":[{"href":"https:\/\/globalnewsmexico.com\/sitio\/wp-json\/wp\/v2\/media?parent=45697"}],"wp:term":[{"taxonomy":"category","embeddable":true,"href":"https:\/\/globalnewsmexico.com\/sitio\/wp-json\/wp\/v2\/categories?post=45697"},{"taxonomy":"post_tag","embeddable":true,"href":"https:\/\/globalnewsmexico.com\/sitio\/wp-json\/wp\/v2\/tags?post=45697"}],"curies":[{"name":"wp","href":"https:\/\/api.w.org\/{rel}","templated":true}]}}