{"id":45793,"date":"2020-04-01T12:09:22","date_gmt":"2020-04-01T18:09:22","guid":{"rendered":"http:\/\/globalnewsmexico.com\/sitio\/?p=45793"},"modified":"2020-04-01T12:09:22","modified_gmt":"2020-04-01T18:09:22","slug":"despiden-a-maria-elena-ferral-periodista-asesinada-en-papantla-veracruz","status":"publish","type":"post","link":"https:\/\/globalnewsmexico.com\/sitio\/despiden-a-maria-elena-ferral-periodista-asesinada-en-papantla-veracruz\/","title":{"rendered":"Despiden a Mar\u00eda Elena Ferral, periodista asesinada en Papantla, Veracruz"},"content":{"rendered":"<p>En medio del dolor y reclamo de justicia, familiares, amigos y colegas dieron el \u00faltimo adi\u00f3s a la periodista Mar\u00eda Elena Ferral Hern\u00e1ndez, quien fue asesinada a balazos el pasado lunes.<\/p>\n<p>El cuerpo de Mar\u00eda Elena Ferral fue velado en la funeraria San Paz, y durante la ma\u00f1ana de este mi\u00e9rcoles fue trasladado al cementerio Sant\u00edsima Trinidad.<\/p>\n<p>Quienes apreciaron y recuerdan la memoria de Mar\u00eda Elena Ferral, la acompa\u00f1aron escoltando la carroza f\u00fanebre hasta el cementerio para el \u00faltimo adi\u00f3s.<\/p>\n<p>Fuente: Xeu Noticias<\/p>\n","protected":false},"excerpt":{"rendered":"<p>En medio del dolor y reclamo de justicia, familiares, amigos y colegas dieron el \u00faltimo adi\u00f3s a la periodista Mar\u00eda Elena Ferral Hern\u00e1ndez, quien fue asesinada a balazos el pasado lunes. El cuerpo de Mar\u00eda Elena Ferral fue velado en la funeraria San Paz, y durante la ma\u00f1ana de este mi\u00e9rcoles fue trasladado al cementerio<a class=\"read-more\" href=\"https:\/\/globalnewsmexico.com\/sitio\/despiden-a-maria-elena-ferral-periodista-asesinada-en-papantla-veracruz\/\">Leer m\u00e1s<\/a><\/p>\n","protected":false},"author":5,"featured_media":45794,"comment_status":"closed","ping_status":"open","sticky":false,"template":"","format":"standard","meta":{"spay_email":"","footnotes":""},"categories":[37,8,50,52],"tags":[],"jetpack_featured_media_url":"https:\/\/i0.wp.com\/globalnewsmexico.com\/sitio\/wp-content\/uploads\/2020\/04\/1093195.jpg?fit=1024%2C636&ssl=1","jetpack_sharing_enabled":true,"jetpack_shortlink":"https:\/\/wp.me\/p9yqPL-bUB","jetpack_likes_enabled":true,"_links":{"self":[{"href":"https:\/\/globalnewsmexico.com\/sitio\/wp-json\/wp\/v2\/posts\/45793"}],"collection":[{"href":"https:\/\/globalnewsmexico.com\/sitio\/wp-json\/wp\/v2\/posts"}],"about":[{"href":"https:\/\/globalnewsmexico.com\/sitio\/wp-json\/wp\/v2\/types\/post"}],"author":[{"embeddable":true,"href":"https:\/\/globalnewsmexico.com\/sitio\/wp-json\/wp\/v2\/users\/5"}],"replies":[{"embeddable":true,"href":"https:\/\/globalnewsmexico.com\/sitio\/wp-json\/wp\/v2\/comments?post=45793"}],"version-history":[{"count":0,"href":"https:\/\/globalnewsmexico.com\/sitio\/wp-json\/wp\/v2\/posts\/45793\/revisions"}],"wp:featuredmedia":[{"embeddable":true,"href":"https:\/\/globalnewsmexico.com\/sitio\/wp-json\/wp\/v2\/media\/45794"}],"wp:attachment":[{"href":"https:\/\/globalnewsmexico.com\/sitio\/wp-json\/wp\/v2\/media?parent=45793"}],"wp:term":[{"taxonomy":"category","embeddable":true,"href":"https:\/\/globalnewsmexico.com\/sitio\/wp-json\/wp\/v2\/categories?post=45793"},{"taxonomy":"post_tag","embeddable":true,"href":"https:\/\/globalnewsmexico.com\/sitio\/wp-json\/wp\/v2\/tags?post=45793"}],"curies":[{"name":"wp","href":"https:\/\/api.w.org\/{rel}","templated":true}]}}