{"id":45861,"date":"2020-04-02T14:37:20","date_gmt":"2020-04-02T20:37:20","guid":{"rendered":"http:\/\/globalnewsmexico.com\/sitio\/?p=45861"},"modified":"2020-04-02T14:37:20","modified_gmt":"2020-04-02T20:37:20","slug":"detienen-a-banda-dedicada-al-robo-de-transporte-en-chinameca-veracruz","status":"publish","type":"post","link":"https:\/\/globalnewsmexico.com\/sitio\/detienen-a-banda-dedicada-al-robo-de-transporte-en-chinameca-veracruz\/","title":{"rendered":"Detienen a banda dedicada al robo de transporte en Chinameca, Veracruz"},"content":{"rendered":"<p>La Secretar\u00eda de Seguridad P\u00fablica (SSP) de Veracruz, a trav\u00e9s de elementos de la Polic\u00eda Estatal, detuvo a \u00c1ngel &#8216;N&#8217;, Filogonio &#8216;N&#8217;, Fernando &#8216;N&#8217;, Rub\u00e9n &#8216;N&#8217; y Amado Alejandro &#8216;N&#8217;, por el presunto delito de robo de transporte de carga, adem\u00e1s de recuperar un tractocami\u00f3n y asegurar un inmueble con mercanc\u00edas.<\/p>\n<p>Mediante denuncia ciudadana, los efectivos fueron alertados del robo de un cami\u00f3n Torton Sterling, modelo 2007 con caja seca y cabina, placa XU41534, VIN 2FZHCHCS37AX80678, registrado sobre la carretera J\u00e1ltipan-Chinameca, en la colonia Ampliaci\u00f3n Ferrocarrilera del municipio de J\u00e1ltipan.<\/p>\n<p>Por tal motivo, implementaron un operativo de b\u00fasqueda, ubic\u00e1ndolo en el interior del inmueble Rancho El Para\u00edso, en la colonia Azteca, municipio de Chinameca. En el momento, cinco hombres descargaban mercanc\u00edas de la unidad; al notar la presencia policial, estos intentaron darse a la fuga, pero fueron aprehendidos.<\/p>\n<p>Estas personas est\u00e1n presuntamente relacionadas con el grupo delictivo C\u00e1rtel Jalisco Nueva Generaci\u00f3n (CJNG) en la regi\u00f3n. Los detenidos y lo asegurado quedaron a disposici\u00f3n de las autoridades competentes para las indagatorias correspondientes.<\/p>\n","protected":false},"excerpt":{"rendered":"<p>La Secretar\u00eda de Seguridad P\u00fablica (SSP) de Veracruz, a trav\u00e9s de elementos de la Polic\u00eda Estatal, detuvo a \u00c1ngel &#8216;N&#8217;, Filogonio &#8216;N&#8217;, Fernando &#8216;N&#8217;, Rub\u00e9n &#8216;N&#8217; y Amado Alejandro &#8216;N&#8217;, por el presunto delito de robo de transporte de carga, adem\u00e1s de recuperar un tractocami\u00f3n y asegurar un inmueble con mercanc\u00edas. Mediante denuncia ciudadana, los<a class=\"read-more\" href=\"https:\/\/globalnewsmexico.com\/sitio\/detienen-a-banda-dedicada-al-robo-de-transporte-en-chinameca-veracruz\/\">Leer m\u00e1s<\/a><\/p>\n","protected":false},"author":5,"featured_media":45862,"comment_status":"closed","ping_status":"open","sticky":false,"template":"","format":"standard","meta":{"spay_email":"","footnotes":""},"categories":[37,8,50,52],"tags":[],"jetpack_featured_media_url":"https:\/\/i0.wp.com\/globalnewsmexico.com\/sitio\/wp-content\/uploads\/2020\/04\/Imagen1.jpg?fit=1040%2C1040&ssl=1","jetpack_sharing_enabled":true,"jetpack_shortlink":"https:\/\/wp.me\/p9yqPL-bVH","jetpack_likes_enabled":true,"_links":{"self":[{"href":"https:\/\/globalnewsmexico.com\/sitio\/wp-json\/wp\/v2\/posts\/45861"}],"collection":[{"href":"https:\/\/globalnewsmexico.com\/sitio\/wp-json\/wp\/v2\/posts"}],"about":[{"href":"https:\/\/globalnewsmexico.com\/sitio\/wp-json\/wp\/v2\/types\/post"}],"author":[{"embeddable":true,"href":"https:\/\/globalnewsmexico.com\/sitio\/wp-json\/wp\/v2\/users\/5"}],"replies":[{"embeddable":true,"href":"https:\/\/globalnewsmexico.com\/sitio\/wp-json\/wp\/v2\/comments?post=45861"}],"version-history":[{"count":0,"href":"https:\/\/globalnewsmexico.com\/sitio\/wp-json\/wp\/v2\/posts\/45861\/revisions"}],"wp:featuredmedia":[{"embeddable":true,"href":"https:\/\/globalnewsmexico.com\/sitio\/wp-json\/wp\/v2\/media\/45862"}],"wp:attachment":[{"href":"https:\/\/globalnewsmexico.com\/sitio\/wp-json\/wp\/v2\/media?parent=45861"}],"wp:term":[{"taxonomy":"category","embeddable":true,"href":"https:\/\/globalnewsmexico.com\/sitio\/wp-json\/wp\/v2\/categories?post=45861"},{"taxonomy":"post_tag","embeddable":true,"href":"https:\/\/globalnewsmexico.com\/sitio\/wp-json\/wp\/v2\/tags?post=45861"}],"curies":[{"name":"wp","href":"https:\/\/api.w.org\/{rel}","templated":true}]}}