{"id":45925,"date":"2020-04-04T09:13:01","date_gmt":"2020-04-04T15:13:01","guid":{"rendered":"http:\/\/globalnewsmexico.com\/sitio\/?p=45925"},"modified":"2020-04-04T09:13:01","modified_gmt":"2020-04-04T15:13:01","slug":"muere-luis-eduardo-aute-patrimonio-de-la-cancion-de-autor-espanola","status":"publish","type":"post","link":"https:\/\/globalnewsmexico.com\/sitio\/muere-luis-eduardo-aute-patrimonio-de-la-cancion-de-autor-espanola\/","title":{"rendered":"Muere Luis Eduardo Aute, patrimonio de la canci\u00f3n de autor espa\u00f1ola"},"content":{"rendered":"<p>El cantautor Luis Eduardo Aute falleci\u00f3 a los 76 a\u00f1os en un hospital de Madrid, Espa\u00f1a. Despu\u00e9s de sufrir un grave infarto en 2016, que lo mantuvo dos meses en coma, se hab\u00eda retirado de los escenarios.<\/p>\n<p>Tras pasar diversos periodos de convalecencia, viv\u00eda en su domicilio atendido por sus familiares.<\/p>\n<p>En diciembre de 2018 recibi\u00f3 un homenaje multitudinario en el que participaron numerosos artistas como V\u00edctor Manuel, Jorge Drexler, Silvio Rodr\u00edguez, Joan Manuel Serrat, o Joaqu\u00edn Sabina entre otros.<\/p>\n<p>Era algo m\u00e1s que un m\u00fasico para la\u00a0Espa\u00f1a democr\u00e1tica,\u00a0la misma que creci\u00f3 con sus canciones y se educ\u00f3 con su sensibilidad transgresora y su visi\u00f3n exigente de la realidad.<\/p>\n<p>Era la voz m\u00e1s emotiva de la Espa\u00f1a de la Transici\u00f3n, un fabulador fundamental que, en s\u00ed mismo, era una f\u00e1bula: porque el pintor que nunca se imagin\u00f3 como m\u00fasico acab\u00f3 siendo uno de los cantautores m\u00e1s reconocidos y reconocibles de la m\u00fasica popular espa\u00f1ola, todo un s\u00edmbolo de las confesiones sentimentales.<\/p>\n<p>Fuente: El Pa\u00eds<\/p>\n","protected":false},"excerpt":{"rendered":"<p>El cantautor Luis Eduardo Aute falleci\u00f3 a los 76 a\u00f1os en un hospital de Madrid, Espa\u00f1a. Despu\u00e9s de sufrir un grave infarto en 2016, que lo mantuvo dos meses en coma, se hab\u00eda retirado de los escenarios. Tras pasar diversos periodos de convalecencia, viv\u00eda en su domicilio atendido por sus familiares. En diciembre de 2018<a class=\"read-more\" href=\"https:\/\/globalnewsmexico.com\/sitio\/muere-luis-eduardo-aute-patrimonio-de-la-cancion-de-autor-espanola\/\">Leer m\u00e1s<\/a><\/p>\n","protected":false},"author":5,"featured_media":45926,"comment_status":"closed","ping_status":"open","sticky":false,"template":"","format":"standard","meta":{"spay_email":"","footnotes":""},"categories":[37,8,48,52],"tags":[],"jetpack_featured_media_url":"https:\/\/i1.wp.com\/globalnewsmexico.com\/sitio\/wp-content\/uploads\/2020\/04\/20200404_090714_1040x680.jpg?fit=1040%2C680&ssl=1","jetpack_sharing_enabled":true,"jetpack_shortlink":"https:\/\/wp.me\/p9yqPL-bWJ","jetpack_likes_enabled":true,"_links":{"self":[{"href":"https:\/\/globalnewsmexico.com\/sitio\/wp-json\/wp\/v2\/posts\/45925"}],"collection":[{"href":"https:\/\/globalnewsmexico.com\/sitio\/wp-json\/wp\/v2\/posts"}],"about":[{"href":"https:\/\/globalnewsmexico.com\/sitio\/wp-json\/wp\/v2\/types\/post"}],"author":[{"embeddable":true,"href":"https:\/\/globalnewsmexico.com\/sitio\/wp-json\/wp\/v2\/users\/5"}],"replies":[{"embeddable":true,"href":"https:\/\/globalnewsmexico.com\/sitio\/wp-json\/wp\/v2\/comments?post=45925"}],"version-history":[{"count":0,"href":"https:\/\/globalnewsmexico.com\/sitio\/wp-json\/wp\/v2\/posts\/45925\/revisions"}],"wp:featuredmedia":[{"embeddable":true,"href":"https:\/\/globalnewsmexico.com\/sitio\/wp-json\/wp\/v2\/media\/45926"}],"wp:attachment":[{"href":"https:\/\/globalnewsmexico.com\/sitio\/wp-json\/wp\/v2\/media?parent=45925"}],"wp:term":[{"taxonomy":"category","embeddable":true,"href":"https:\/\/globalnewsmexico.com\/sitio\/wp-json\/wp\/v2\/categories?post=45925"},{"taxonomy":"post_tag","embeddable":true,"href":"https:\/\/globalnewsmexico.com\/sitio\/wp-json\/wp\/v2\/tags?post=45925"}],"curies":[{"name":"wp","href":"https:\/\/api.w.org\/{rel}","templated":true}]}}