{"id":45948,"date":"2020-04-04T11:41:09","date_gmt":"2020-04-04T17:41:09","guid":{"rendered":"http:\/\/globalnewsmexico.com\/sitio\/?p=45948"},"modified":"2020-04-04T11:41:09","modified_gmt":"2020-04-04T17:41:09","slug":"espana-extiende-dos-semanas-mas-el-estado-de-alarma-por-covid-19","status":"publish","type":"post","link":"https:\/\/globalnewsmexico.com\/sitio\/espana-extiende-dos-semanas-mas-el-estado-de-alarma-por-covid-19\/","title":{"rendered":"Espa\u00f1a extiende dos semanas m\u00e1s el estado de alarma por Covid-19"},"content":{"rendered":"<p>El Gobierno de Espa\u00f1a ha decidido prorrogar dos semanas m\u00e1s el estado de alarma por la pandemia de Covid-19, hasta el 26 de abril. Es la segunda de 15 d\u00edas.<\/p>\n<p>Las principales fuerzas de oposici\u00f3n han respaldado la decisi\u00f3n desde su cuenta de Twitter. La semana pasada se quejaban de no haber sido comunicados sobre la decisi\u00f3n de haber paralizado toda la producci\u00f3n salvo la esencial, pero hoy la respaldaron desde antes de ser anunciada.<\/p>\n<p>\u201cHe recibido la llamada de Pedro S\u00e1nchez para informarme que solicitar\u00e1 al Congreso la pr\u00f3rroga del Estado de Alarma. Le he vuelto a transmitir el apoyo del Partido Popular para las medidas de contenci\u00f3n contra el coronavirus. La lealtad y la unidad exigen eficacia y transparencia\u201d, escribi\u00f3 Casado, l\u00edder del Partido Popular, desde su cuenta de Twitter.<\/p>\n<p>\u201cEn medio de la consternaci\u00f3n hemos logrado un primer avance. Hoy me corresponde comparecer de nuevo que una vez superado el pico del coronavirus estamos en condiciones de doblegar la curva de propagaci\u00f3n\u201d, dijo S\u00e1nchez durante el anuncio.<\/p>\n<p>\u201cToca de nuevo implorar sacrificio y moral de victoria. Les anuncio que el consejo de ministros solicitar\u00e1 el pr\u00f3ximo martes al congreso de los diputados la pr\u00f3rroga por dos semanas, es el tiempo que necesita nuestra sociedad para mantener a raya el virus\u201d, subray\u00f3.<\/p>\n<p>Esta decisi\u00f3n la adopt\u00f3 el jefe del Ejecutivo tras reunirse este s\u00e1bado con el Comit\u00e9 Cient\u00edfico, primero, y con el Comit\u00e9 T\u00e9cnico, despu\u00e9s, creados para analizar la evoluci\u00f3n del coronavirus en Espa\u00f1a.<\/p>\n<p>El anterior estado de alarma, despu\u00e9s de una primera pr\u00f3rroga de 15 d\u00edas, conclu\u00eda en Espa\u00f1a el 11 de abril y ha supuesto el confinamiento de toda la poblaci\u00f3n, que tienen prohibido salir excepto para ir a comprar productos de primera necesidad o trabajar en servicios esenciales.<\/p>\n<p>Fuente: Agencias<\/p>\n","protected":false},"excerpt":{"rendered":"<p>El Gobierno de Espa\u00f1a ha decidido prorrogar dos semanas m\u00e1s el estado de alarma por la pandemia de Covid-19, hasta el 26 de abril. Es la segunda de 15 d\u00edas. Las principales fuerzas de oposici\u00f3n han respaldado la decisi\u00f3n desde su cuenta de Twitter. La semana pasada se quejaban de no haber sido comunicados sobre<a class=\"read-more\" href=\"https:\/\/globalnewsmexico.com\/sitio\/espana-extiende-dos-semanas-mas-el-estado-de-alarma-por-covid-19\/\">Leer m\u00e1s<\/a><\/p>\n","protected":false},"author":5,"featured_media":45949,"comment_status":"closed","ping_status":"open","sticky":false,"template":"","format":"standard","meta":{"spay_email":"","footnotes":""},"categories":[37,8,48,52],"tags":[],"jetpack_featured_media_url":"https:\/\/i1.wp.com\/globalnewsmexico.com\/sitio\/wp-content\/uploads\/2020\/04\/1093739.jpg?fit=1024%2C683&ssl=1","jetpack_sharing_enabled":true,"jetpack_shortlink":"https:\/\/wp.me\/p9yqPL-bX6","jetpack_likes_enabled":true,"_links":{"self":[{"href":"https:\/\/globalnewsmexico.com\/sitio\/wp-json\/wp\/v2\/posts\/45948"}],"collection":[{"href":"https:\/\/globalnewsmexico.com\/sitio\/wp-json\/wp\/v2\/posts"}],"about":[{"href":"https:\/\/globalnewsmexico.com\/sitio\/wp-json\/wp\/v2\/types\/post"}],"author":[{"embeddable":true,"href":"https:\/\/globalnewsmexico.com\/sitio\/wp-json\/wp\/v2\/users\/5"}],"replies":[{"embeddable":true,"href":"https:\/\/globalnewsmexico.com\/sitio\/wp-json\/wp\/v2\/comments?post=45948"}],"version-history":[{"count":0,"href":"https:\/\/globalnewsmexico.com\/sitio\/wp-json\/wp\/v2\/posts\/45948\/revisions"}],"wp:featuredmedia":[{"embeddable":true,"href":"https:\/\/globalnewsmexico.com\/sitio\/wp-json\/wp\/v2\/media\/45949"}],"wp:attachment":[{"href":"https:\/\/globalnewsmexico.com\/sitio\/wp-json\/wp\/v2\/media?parent=45948"}],"wp:term":[{"taxonomy":"category","embeddable":true,"href":"https:\/\/globalnewsmexico.com\/sitio\/wp-json\/wp\/v2\/categories?post=45948"},{"taxonomy":"post_tag","embeddable":true,"href":"https:\/\/globalnewsmexico.com\/sitio\/wp-json\/wp\/v2\/tags?post=45948"}],"curies":[{"name":"wp","href":"https:\/\/api.w.org\/{rel}","templated":true}]}}