{"id":46117,"date":"2020-04-08T11:59:12","date_gmt":"2020-04-08T16:59:12","guid":{"rendered":"http:\/\/globalnewsmexico.com\/sitio\/?p=46117"},"modified":"2020-04-08T11:59:12","modified_gmt":"2020-04-08T16:59:12","slug":"no-es-momento-de-relajar-medidas-oms","status":"publish","type":"post","link":"https:\/\/globalnewsmexico.com\/sitio\/no-es-momento-de-relajar-medidas-oms\/","title":{"rendered":"No es momento de relajar medidas: OMS"},"content":{"rendered":"<p>La rama europea de la Organizaci\u00f3n Mundial de la Salud (OMS), declar\u00f3 hoy que pese a algunas \u00abse\u00f1ales positivas\u00bb en ciertos pa\u00edses de la regi\u00f3n, es demasiado pronto reducir las medidas para contener la propagaci\u00f3n del nuevo coronavirus.<\/p>\n<p>\u00abNo es el momento de flexibilizar las medidas. Hay que doblar y triplicar nuestros esfuerzos colectivos en favor de la eliminaci\u00f3n (del virus) con el apoyo de la sociedad entera\u00bb, afirm\u00f3 Hans Kluge en rueda de prensa en l\u00ednea desde Copenhague.<\/p>\n<p>OMS Europa inst\u00f3 a \u00abtodos los pa\u00edses\u00bb a reforzar sus medidas en tres \u00e1mbitos: protecci\u00f3n del personal sanitario, mantener alejada a \u00abgente en buena salud de casos sospechosos y probables\u00bb y la comunicaci\u00f3n a la poblaci\u00f3n.<\/p>\n<p>Aunque algunos pa\u00edses muestran \u00abse\u00f1ales positivas\u00bb en su lucha contra el virus, Hans Kluge consider\u00f3 que la situaci\u00f3n en Europa es a\u00fan \u00abmuy preocupante\u00bb.<\/p>\n<p>Algunos pa\u00edses como Espa\u00f1a e Italia, los dos europeos m\u00e1s afectados, \u00abempiezan a mostrar se\u00f1ales de disminuci\u00f3n en el \u00edndice de aumento de nuevos casos\u00bb, destac\u00f3; sin embargo, prosigue, \u00absiete de los 10 pa\u00edses m\u00e1s afectados en el mundo se hallan en la regi\u00f3n europea\u00bb.<\/p>\n<p>\u00abSer\u00eda peligroso pensar que nos acercamos al final de la pandemia\u00bb, agreg\u00f3.<\/p>\n<p>Fuente: Agencias<\/p>\n","protected":false},"excerpt":{"rendered":"<p>La rama europea de la Organizaci\u00f3n Mundial de la Salud (OMS), declar\u00f3 hoy que pese a algunas \u00abse\u00f1ales positivas\u00bb en ciertos pa\u00edses de la regi\u00f3n, es demasiado pronto reducir las medidas para contener la propagaci\u00f3n del nuevo coronavirus. \u00abNo es el momento de flexibilizar las medidas. Hay que doblar y triplicar nuestros esfuerzos colectivos en<a class=\"read-more\" href=\"https:\/\/globalnewsmexico.com\/sitio\/no-es-momento-de-relajar-medidas-oms\/\">Leer m\u00e1s<\/a><\/p>\n","protected":false},"author":5,"featured_media":46118,"comment_status":"closed","ping_status":"open","sticky":false,"template":"","format":"standard","meta":{"spay_email":"","footnotes":""},"categories":[37,8,48,52],"tags":[],"jetpack_featured_media_url":"https:\/\/i2.wp.com\/globalnewsmexico.com\/sitio\/wp-content\/uploads\/2020\/04\/2339006.jpg?fit=1040%2C780&ssl=1","jetpack_sharing_enabled":true,"jetpack_shortlink":"https:\/\/wp.me\/p9yqPL-bZP","jetpack_likes_enabled":true,"_links":{"self":[{"href":"https:\/\/globalnewsmexico.com\/sitio\/wp-json\/wp\/v2\/posts\/46117"}],"collection":[{"href":"https:\/\/globalnewsmexico.com\/sitio\/wp-json\/wp\/v2\/posts"}],"about":[{"href":"https:\/\/globalnewsmexico.com\/sitio\/wp-json\/wp\/v2\/types\/post"}],"author":[{"embeddable":true,"href":"https:\/\/globalnewsmexico.com\/sitio\/wp-json\/wp\/v2\/users\/5"}],"replies":[{"embeddable":true,"href":"https:\/\/globalnewsmexico.com\/sitio\/wp-json\/wp\/v2\/comments?post=46117"}],"version-history":[{"count":0,"href":"https:\/\/globalnewsmexico.com\/sitio\/wp-json\/wp\/v2\/posts\/46117\/revisions"}],"wp:featuredmedia":[{"embeddable":true,"href":"https:\/\/globalnewsmexico.com\/sitio\/wp-json\/wp\/v2\/media\/46118"}],"wp:attachment":[{"href":"https:\/\/globalnewsmexico.com\/sitio\/wp-json\/wp\/v2\/media?parent=46117"}],"wp:term":[{"taxonomy":"category","embeddable":true,"href":"https:\/\/globalnewsmexico.com\/sitio\/wp-json\/wp\/v2\/categories?post=46117"},{"taxonomy":"post_tag","embeddable":true,"href":"https:\/\/globalnewsmexico.com\/sitio\/wp-json\/wp\/v2\/tags?post=46117"}],"curies":[{"name":"wp","href":"https:\/\/api.w.org\/{rel}","templated":true}]}}