{"id":46264,"date":"2020-04-11T11:56:13","date_gmt":"2020-04-11T16:56:13","guid":{"rendered":"http:\/\/globalnewsmexico.com\/sitio\/?p=46264"},"modified":"2020-04-11T11:56:13","modified_gmt":"2020-04-11T16:56:13","slug":"confirman-brote-de-covid-19-en-hospitales-del-imss-tijuana","status":"publish","type":"post","link":"https:\/\/globalnewsmexico.com\/sitio\/confirman-brote-de-covid-19-en-hospitales-del-imss-tijuana\/","title":{"rendered":"Confirman brote de Covid-19 en hospitales del IMSS-Tijuana"},"content":{"rendered":"<p>La Secretar\u00eda de Salud de Baja California confirm\u00f3 un brote de Covid-19 en hospitales del IMSS-Tijuana, que ser\u00e1 atendido por el Departamento de Epidemiolog\u00eda de la misma instituci\u00f3n.<\/p>\n<p>Al respecto, el secretario de Salud de esa entidad, Alfonso P\u00e9rez Rico, se\u00f1al\u00f3:<\/p>\n<p>\u00abTenemos que contabilizar cu\u00e1l es el recuento del da\u00f1o (casos contagiados), obviamente s\u00ed (hay un brote), (se va a atender) por el Departamento de Epidemiolog\u00eda del Seguro Social, al momento que comenzaron a presentar casos confirmados nos notificaron\u00bb.<\/p>\n<p>Personal m\u00e9dico de la Cl\u00ednica 1 y 20 del IMSS indic\u00f3 que hay al menos 14 enfermeras y m\u00e9dicos contagiados de Covid-19.<\/p>\n<p>P\u00e9rez Rico asegur\u00f3 que habr\u00e1 insumos para atender los casos.<\/p>\n<p>\u00abTendremos en 10 d\u00edas habilitada la operaci\u00f3n de la unidad auxiliar hospitalaria dentro del estadio Zonkeys, tenemos 80 camas ah\u00ed\u00bb, dijo.<\/p>\n<p>A\u00f1adi\u00f3 que han \u201checho todo, las 25 muertes (en Baja California) que tenemos las hemos tenido con hospitales vac\u00edos y unidades de cuidados intensivos con camas disponibles, con ventiladores, tenemos necesidades de ventiladores, s\u00ed, pero como el resto del mundo\u00bb.<\/p>\n<p>Fuente: Reforma<\/p>\n","protected":false},"excerpt":{"rendered":"<p>La Secretar\u00eda de Salud de Baja California confirm\u00f3 un brote de Covid-19 en hospitales del IMSS-Tijuana, que ser\u00e1 atendido por el Departamento de Epidemiolog\u00eda de la misma instituci\u00f3n. Al respecto, el secretario de Salud de esa entidad, Alfonso P\u00e9rez Rico, se\u00f1al\u00f3: \u00abTenemos que contabilizar cu\u00e1l es el recuento del da\u00f1o (casos contagiados), obviamente s\u00ed (hay<a class=\"read-more\" href=\"https:\/\/globalnewsmexico.com\/sitio\/confirman-brote-de-covid-19-en-hospitales-del-imss-tijuana\/\">Leer m\u00e1s<\/a><\/p>\n","protected":false},"author":5,"featured_media":46265,"comment_status":"closed","ping_status":"open","sticky":false,"template":"","format":"standard","meta":{"spay_email":"","footnotes":""},"categories":[37,8,39,52],"tags":[],"jetpack_featured_media_url":"https:\/\/i2.wp.com\/globalnewsmexico.com\/sitio\/wp-content\/uploads\/2020\/04\/1094955.jpg?fit=1024%2C658&ssl=1","jetpack_sharing_enabled":true,"jetpack_shortlink":"https:\/\/wp.me\/p9yqPL-c2c","jetpack_likes_enabled":true,"_links":{"self":[{"href":"https:\/\/globalnewsmexico.com\/sitio\/wp-json\/wp\/v2\/posts\/46264"}],"collection":[{"href":"https:\/\/globalnewsmexico.com\/sitio\/wp-json\/wp\/v2\/posts"}],"about":[{"href":"https:\/\/globalnewsmexico.com\/sitio\/wp-json\/wp\/v2\/types\/post"}],"author":[{"embeddable":true,"href":"https:\/\/globalnewsmexico.com\/sitio\/wp-json\/wp\/v2\/users\/5"}],"replies":[{"embeddable":true,"href":"https:\/\/globalnewsmexico.com\/sitio\/wp-json\/wp\/v2\/comments?post=46264"}],"version-history":[{"count":0,"href":"https:\/\/globalnewsmexico.com\/sitio\/wp-json\/wp\/v2\/posts\/46264\/revisions"}],"wp:featuredmedia":[{"embeddable":true,"href":"https:\/\/globalnewsmexico.com\/sitio\/wp-json\/wp\/v2\/media\/46265"}],"wp:attachment":[{"href":"https:\/\/globalnewsmexico.com\/sitio\/wp-json\/wp\/v2\/media?parent=46264"}],"wp:term":[{"taxonomy":"category","embeddable":true,"href":"https:\/\/globalnewsmexico.com\/sitio\/wp-json\/wp\/v2\/categories?post=46264"},{"taxonomy":"post_tag","embeddable":true,"href":"https:\/\/globalnewsmexico.com\/sitio\/wp-json\/wp\/v2\/tags?post=46264"}],"curies":[{"name":"wp","href":"https:\/\/api.w.org\/{rel}","templated":true}]}}