{"id":46269,"date":"2020-04-11T12:49:05","date_gmt":"2020-04-11T17:49:05","guid":{"rendered":"http:\/\/globalnewsmexico.com\/sitio\/?p=46269"},"modified":"2020-04-11T12:49:05","modified_gmt":"2020-04-11T17:49:05","slug":"tras-derrame-cerebral-exgobernador-fidel-herrera-se-recupera-favorablemente-javier-herrera","status":"publish","type":"post","link":"https:\/\/globalnewsmexico.com\/sitio\/tras-derrame-cerebral-exgobernador-fidel-herrera-se-recupera-favorablemente-javier-herrera\/","title":{"rendered":"Tras derrame cerebral, exgobernador Fidel Herrera se recupera favorablemente: Javier Herrera"},"content":{"rendered":"<p>A trav\u00e9s de un comunicado, el exdiputado federal del PRI, Javier Herrera Borunda, inform\u00f3 que su padre, el exgobernador de Veracruz Fidel Herrera Beltr\u00e1n, se recupera favorablemente tras sufrir un derrame cerebral.<\/p>\n<p>El comunicado indica que el exgobernador de Veracruz se encuentra fuera de peligro, tras un episodio cerebro vascular que ya est\u00e1 controlado y su evoluci\u00f3n es favorable para su salud; se espera que en breve sea dado de alta de los cuidados hospitalarios.<\/p>\n<p>Su hijo Javier Herrera Borunda agradeci\u00f3 a nombre de toda la familia, la preocupaci\u00f3n y muestras de cari\u00f1o de los veracruzanos hacia su padre, \u201ccomo todo, se tienen que cumplir tiempos y protocolos de salud para evitar complicaciones, pronto estar\u00e1 bien. Gracias por sus oraciones, le nutren y dan \u00e1nimos\u201d.<\/p>\n<p>Cabe recordar que en 2018 tambi\u00e9n fue hospitalizado el exgobernador por m\u00e1s de un mes en una cl\u00ednica privada de la Ciudad de M\u00e9xico; en ese a\u00f1o, su hijo Javier Herrera declar\u00f3: \u00abGracias a Dios va muy bien, est\u00e1 con problemas en la pierna izquierda para caminar, pero todo el episodio neuronal ya 100 por ciento superado, y en familia, lo estamos cuidando\u00bb.<\/p>\n<p>Fidel Herrera Beltr\u00e1n fungi\u00f3 como mandatario estatal de Veracruz de 2004 a 2010.<\/p>\n<p>Fuente: Xeu Noticias<\/p>\n","protected":false},"excerpt":{"rendered":"<p>A trav\u00e9s de un comunicado, el exdiputado federal del PRI, Javier Herrera Borunda, inform\u00f3 que su padre, el exgobernador de Veracruz Fidel Herrera Beltr\u00e1n, se recupera favorablemente tras sufrir un derrame cerebral. El comunicado indica que el exgobernador de Veracruz se encuentra fuera de peligro, tras un episodio cerebro vascular que ya est\u00e1 controlado y<a class=\"read-more\" href=\"https:\/\/globalnewsmexico.com\/sitio\/tras-derrame-cerebral-exgobernador-fidel-herrera-se-recupera-favorablemente-javier-herrera\/\">Leer m\u00e1s<\/a><\/p>\n","protected":false},"author":5,"featured_media":46270,"comment_status":"closed","ping_status":"open","sticky":false,"template":"","format":"standard","meta":{"spay_email":"","footnotes":""},"categories":[37,8,50,52],"tags":[],"jetpack_featured_media_url":"https:\/\/i0.wp.com\/globalnewsmexico.com\/sitio\/wp-content\/uploads\/2020\/04\/1094962.jpg?fit=1024%2C683&ssl=1","jetpack_sharing_enabled":true,"jetpack_shortlink":"https:\/\/wp.me\/p9yqPL-c2h","jetpack_likes_enabled":true,"_links":{"self":[{"href":"https:\/\/globalnewsmexico.com\/sitio\/wp-json\/wp\/v2\/posts\/46269"}],"collection":[{"href":"https:\/\/globalnewsmexico.com\/sitio\/wp-json\/wp\/v2\/posts"}],"about":[{"href":"https:\/\/globalnewsmexico.com\/sitio\/wp-json\/wp\/v2\/types\/post"}],"author":[{"embeddable":true,"href":"https:\/\/globalnewsmexico.com\/sitio\/wp-json\/wp\/v2\/users\/5"}],"replies":[{"embeddable":true,"href":"https:\/\/globalnewsmexico.com\/sitio\/wp-json\/wp\/v2\/comments?post=46269"}],"version-history":[{"count":0,"href":"https:\/\/globalnewsmexico.com\/sitio\/wp-json\/wp\/v2\/posts\/46269\/revisions"}],"wp:featuredmedia":[{"embeddable":true,"href":"https:\/\/globalnewsmexico.com\/sitio\/wp-json\/wp\/v2\/media\/46270"}],"wp:attachment":[{"href":"https:\/\/globalnewsmexico.com\/sitio\/wp-json\/wp\/v2\/media?parent=46269"}],"wp:term":[{"taxonomy":"category","embeddable":true,"href":"https:\/\/globalnewsmexico.com\/sitio\/wp-json\/wp\/v2\/categories?post=46269"},{"taxonomy":"post_tag","embeddable":true,"href":"https:\/\/globalnewsmexico.com\/sitio\/wp-json\/wp\/v2\/tags?post=46269"}],"curies":[{"name":"wp","href":"https:\/\/api.w.org\/{rel}","templated":true}]}}