{"id":46305,"date":"2020-04-13T10:39:31","date_gmt":"2020-04-13T15:39:31","guid":{"rendered":"http:\/\/globalnewsmexico.com\/sitio\/?p=46305"},"modified":"2020-04-13T10:39:31","modified_gmt":"2020-04-13T15:39:31","slug":"amlo-pide-cuidar-y-respetar-al-personal-de-salud","status":"publish","type":"post","link":"https:\/\/globalnewsmexico.com\/sitio\/amlo-pide-cuidar-y-respetar-al-personal-de-salud\/","title":{"rendered":"AMLO pide cuidar y respetar al personal de Salud"},"content":{"rendered":"<p>El presidente Andr\u00e9s Manuel L\u00f3pez Obrador hizo un llamado a la poblaci\u00f3n para cuidar y respetar a m\u00e9dicos, enfermeros y personal de Salud que atienden a enfermos de Covid-19 en M\u00e9xico, pues asegur\u00f3 que sin ellos no se podr\u00e1 lograr nada.<\/p>\n<p>En conferencia matutina, tras el anuncio del convenio con hospitales privados que dar\u00e1n servicio a derechohabientes del Issste, IMSS e Insabi durante la contingencia sanitaria por la pandemia, el presidente hizo un llamado a la poblaci\u00f3n para que se respete a todo el personal m\u00e9dico que hace frente a la contingencia.<\/p>\n<p>\u201cA los trabajadores, camilleros, enfermeras, enfermeros, a los m\u00e9dicos, a los especialistas, no se podr\u00eda lograr nada sin los trabajadores de la Salud, por eso nuestro reconocimiento y el llamado respetuoso a toda la poblaci\u00f3n para cuidar al personal de salud, respetarlo, quererlo.<\/p>\n<p>Todos, si no hemos necesitado un servicio m\u00e9dico, lo vamos a necesitar, siempre, a lo largo de nuestra vida vamos a necesitar de la ayuda de un m\u00e9dico, de una enfermera. Tenemos que respetarlos y apoyarlos, ahora m\u00e1s que nunca tenemos que ser solidarios y fraternos\u00bb, dijo el mandatario.<\/p>\n<p>Fuente: Milenio<\/p>\n","protected":false},"excerpt":{"rendered":"<p>El presidente Andr\u00e9s Manuel L\u00f3pez Obrador hizo un llamado a la poblaci\u00f3n para cuidar y respetar a m\u00e9dicos, enfermeros y personal de Salud que atienden a enfermos de Covid-19 en M\u00e9xico, pues asegur\u00f3 que sin ellos no se podr\u00e1 lograr nada. En conferencia matutina, tras el anuncio del convenio con hospitales privados que dar\u00e1n servicio<a class=\"read-more\" href=\"https:\/\/globalnewsmexico.com\/sitio\/amlo-pide-cuidar-y-respetar-al-personal-de-salud\/\">Leer m\u00e1s<\/a><\/p>\n","protected":false},"author":5,"featured_media":46306,"comment_status":"closed","ping_status":"open","sticky":false,"template":"","format":"standard","meta":{"spay_email":"","footnotes":""},"categories":[37,8,40,52],"tags":[],"jetpack_featured_media_url":"https:\/\/i1.wp.com\/globalnewsmexico.com\/sitio\/wp-content\/uploads\/2020\/04\/presidente-lopez-obrador-conferencia-matutina-18_0_41_958_596.jpeg?fit=1040%2C647&ssl=1","jetpack_sharing_enabled":true,"jetpack_shortlink":"https:\/\/wp.me\/p9yqPL-c2R","jetpack_likes_enabled":true,"_links":{"self":[{"href":"https:\/\/globalnewsmexico.com\/sitio\/wp-json\/wp\/v2\/posts\/46305"}],"collection":[{"href":"https:\/\/globalnewsmexico.com\/sitio\/wp-json\/wp\/v2\/posts"}],"about":[{"href":"https:\/\/globalnewsmexico.com\/sitio\/wp-json\/wp\/v2\/types\/post"}],"author":[{"embeddable":true,"href":"https:\/\/globalnewsmexico.com\/sitio\/wp-json\/wp\/v2\/users\/5"}],"replies":[{"embeddable":true,"href":"https:\/\/globalnewsmexico.com\/sitio\/wp-json\/wp\/v2\/comments?post=46305"}],"version-history":[{"count":0,"href":"https:\/\/globalnewsmexico.com\/sitio\/wp-json\/wp\/v2\/posts\/46305\/revisions"}],"wp:featuredmedia":[{"embeddable":true,"href":"https:\/\/globalnewsmexico.com\/sitio\/wp-json\/wp\/v2\/media\/46306"}],"wp:attachment":[{"href":"https:\/\/globalnewsmexico.com\/sitio\/wp-json\/wp\/v2\/media?parent=46305"}],"wp:term":[{"taxonomy":"category","embeddable":true,"href":"https:\/\/globalnewsmexico.com\/sitio\/wp-json\/wp\/v2\/categories?post=46305"},{"taxonomy":"post_tag","embeddable":true,"href":"https:\/\/globalnewsmexico.com\/sitio\/wp-json\/wp\/v2\/tags?post=46305"}],"curies":[{"name":"wp","href":"https:\/\/api.w.org\/{rel}","templated":true}]}}