{"id":46319,"date":"2020-04-13T12:35:24","date_gmt":"2020-04-13T17:35:24","guid":{"rendered":"http:\/\/globalnewsmexico.com\/sitio\/?p=46319"},"modified":"2020-04-13T12:35:24","modified_gmt":"2020-04-13T17:35:24","slug":"capturan-a-presuntos-integrantes-de-grupo-delictivo-en-playa-vicente-veracruz","status":"publish","type":"post","link":"https:\/\/globalnewsmexico.com\/sitio\/capturan-a-presuntos-integrantes-de-grupo-delictivo-en-playa-vicente-veracruz\/","title":{"rendered":"Capturan a presuntos integrantes de grupo delictivo en Playa Vicente, Veracruz"},"content":{"rendered":"<p>Mediante patrullajes preventivos, elementos de la Polic\u00eda Estatal, en coordinaci\u00f3n con la Secretar\u00eda de la Defensa Nacional (Sedena), detuvieron a Jes\u00fas &#8216;N&#8217;, alias &#8216;Pochol\u00edn&#8217;; Brayan Alejandro &#8216;N&#8217;, Rub\u00e9n &#8216;N&#8217;, Jos\u00e9 &#8216;N&#8217; y Juan Gabriel &#8216;N&#8217;, por presuntos delitos contra la salud, portaci\u00f3n ilegal de armas de fuego y robo de veh\u00edculo.<\/p>\n<p>En la colonia Lomas Verdes, oficiales detectaron a cinco sujetos a bordo de tres motocicletas, quienes llevaban maletas de diferentes tama\u00f1os; tras una inspecci\u00f3n, aseguraron las siguientes armas: M4 calibre 5.56 mm, AR-15 calibre 5.56 mm, AK-47 calibre 7.62 x 39 mm, Taurus 9 mm y una granada de fragmentaci\u00f3n; as\u00ed como 16 cargadores, 539 cartuchos \u00fatiles, cuatro placas bal\u00edsticas y un casco Kevlar.<\/p>\n<p>Tambi\u00e9n decomisaron 407 dosis de marihuana con la leyenda &#8216;C\u00e1rtel Jalisco Nueva Generaci\u00f3n Oaxaca&#8217;, 132 (misma droga) que dec\u00edan &#8216;C\u00e1rtel Jalisco Nueva Generaci\u00f3n Veracruz 2019&#8217; y 215 de cristal marcadas como &#8216;Veracruz 2020 CJNG&#8217;. Asimismo, las unidades en que viajaban: una Vento, sin placas y reporte de robo; las otras dos, de la marca Italika.<\/p>\n","protected":false},"excerpt":{"rendered":"<p>Mediante patrullajes preventivos, elementos de la Polic\u00eda Estatal, en coordinaci\u00f3n con la Secretar\u00eda de la Defensa Nacional (Sedena), detuvieron a Jes\u00fas &#8216;N&#8217;, alias &#8216;Pochol\u00edn&#8217;; Brayan Alejandro &#8216;N&#8217;, Rub\u00e9n &#8216;N&#8217;, Jos\u00e9 &#8216;N&#8217; y Juan Gabriel &#8216;N&#8217;, por presuntos delitos contra la salud, portaci\u00f3n ilegal de armas de fuego y robo de veh\u00edculo. En la colonia Lomas<a class=\"read-more\" href=\"https:\/\/globalnewsmexico.com\/sitio\/capturan-a-presuntos-integrantes-de-grupo-delictivo-en-playa-vicente-veracruz\/\">Leer m\u00e1s<\/a><\/p>\n","protected":false},"author":5,"featured_media":46320,"comment_status":"closed","ping_status":"open","sticky":false,"template":"","format":"standard","meta":{"spay_email":"","footnotes":""},"categories":[37,8,50],"tags":[],"jetpack_featured_media_url":"https:\/\/i2.wp.com\/globalnewsmexico.com\/sitio\/wp-content\/uploads\/2020\/04\/Imagen1-1.png?fit=1040%2C815&ssl=1","jetpack_sharing_enabled":true,"jetpack_shortlink":"https:\/\/wp.me\/p9yqPL-c35","jetpack_likes_enabled":true,"_links":{"self":[{"href":"https:\/\/globalnewsmexico.com\/sitio\/wp-json\/wp\/v2\/posts\/46319"}],"collection":[{"href":"https:\/\/globalnewsmexico.com\/sitio\/wp-json\/wp\/v2\/posts"}],"about":[{"href":"https:\/\/globalnewsmexico.com\/sitio\/wp-json\/wp\/v2\/types\/post"}],"author":[{"embeddable":true,"href":"https:\/\/globalnewsmexico.com\/sitio\/wp-json\/wp\/v2\/users\/5"}],"replies":[{"embeddable":true,"href":"https:\/\/globalnewsmexico.com\/sitio\/wp-json\/wp\/v2\/comments?post=46319"}],"version-history":[{"count":0,"href":"https:\/\/globalnewsmexico.com\/sitio\/wp-json\/wp\/v2\/posts\/46319\/revisions"}],"wp:featuredmedia":[{"embeddable":true,"href":"https:\/\/globalnewsmexico.com\/sitio\/wp-json\/wp\/v2\/media\/46320"}],"wp:attachment":[{"href":"https:\/\/globalnewsmexico.com\/sitio\/wp-json\/wp\/v2\/media?parent=46319"}],"wp:term":[{"taxonomy":"category","embeddable":true,"href":"https:\/\/globalnewsmexico.com\/sitio\/wp-json\/wp\/v2\/categories?post=46319"},{"taxonomy":"post_tag","embeddable":true,"href":"https:\/\/globalnewsmexico.com\/sitio\/wp-json\/wp\/v2\/tags?post=46319"}],"curies":[{"name":"wp","href":"https:\/\/api.w.org\/{rel}","templated":true}]}}