{"id":46358,"date":"2020-04-14T10:51:23","date_gmt":"2020-04-14T15:51:23","guid":{"rendered":"http:\/\/globalnewsmexico.com\/sitio\/?p=46358"},"modified":"2020-04-14T10:57:29","modified_gmt":"2020-04-14T15:57:29","slug":"amlo-ofrece-adelantar-revocacion-de-mandato-para-elecciones-de-2021","status":"publish","type":"post","link":"https:\/\/globalnewsmexico.com\/sitio\/amlo-ofrece-adelantar-revocacion-de-mandato-para-elecciones-de-2021\/","title":{"rendered":"AMLO ofrece adelantar revocaci\u00f3n de mandato para elecciones de 2021"},"content":{"rendered":"<p>El presidente Andr\u00e9s Manuel L\u00f3pez Obrador ofreci\u00f3 a los \u00abconservadores\u00bb adelantar la revocaci\u00f3n de mandato cuando sean las elecciones, y no hasta 2022.<\/p>\n<p>Durante conferencia de prensa ma\u00f1anera, el mandatario federal dijo:<\/p>\n<p>\u00abLes ofrezco que la revocaci\u00f3n de mandato no sea hasta el 22, que la hagamos el mismo d\u00eda de las elecciones, una tarjeta adicional, y una boleta \u00bfQuieres que contin\u00fae el presidente o que renuncie?\u00bb.<\/p>\n<p>Y agreg\u00f3: \u00abY podemos hacer el cambio a la constituci\u00f3n, ma\u00f1ana mismo yo podr\u00eda enviar la iniciativa para reforma constitucional\u00bb.<\/p>\n<p>Fuente: Xeu Noticias<\/p>\n","protected":false},"excerpt":{"rendered":"<p>El presidente Andr\u00e9s Manuel L\u00f3pez Obrador ofreci\u00f3 a los \u00abconservadores\u00bb adelantar la revocaci\u00f3n de mandato cuando sean las elecciones, y no hasta 2022. Durante conferencia de prensa ma\u00f1anera, el mandatario federal dijo: \u00abLes ofrezco que la revocaci\u00f3n de mandato no sea hasta el 22, que la hagamos el mismo d\u00eda de las elecciones, una tarjeta<a class=\"read-more\" href=\"https:\/\/globalnewsmexico.com\/sitio\/amlo-ofrece-adelantar-revocacion-de-mandato-para-elecciones-de-2021\/\">Leer m\u00e1s<\/a><\/p>\n","protected":false},"author":5,"featured_media":46359,"comment_status":"closed","ping_status":"open","sticky":false,"template":"","format":"standard","meta":{"spay_email":"","footnotes":""},"categories":[37,8,40,52],"tags":[],"jetpack_featured_media_url":"https:\/\/i1.wp.com\/globalnewsmexico.com\/sitio\/wp-content\/uploads\/2020\/04\/1095414.jpg?fit=1024%2C683&ssl=1","jetpack_sharing_enabled":true,"jetpack_shortlink":"https:\/\/wp.me\/p9yqPL-c3I","jetpack_likes_enabled":true,"_links":{"self":[{"href":"https:\/\/globalnewsmexico.com\/sitio\/wp-json\/wp\/v2\/posts\/46358"}],"collection":[{"href":"https:\/\/globalnewsmexico.com\/sitio\/wp-json\/wp\/v2\/posts"}],"about":[{"href":"https:\/\/globalnewsmexico.com\/sitio\/wp-json\/wp\/v2\/types\/post"}],"author":[{"embeddable":true,"href":"https:\/\/globalnewsmexico.com\/sitio\/wp-json\/wp\/v2\/users\/5"}],"replies":[{"embeddable":true,"href":"https:\/\/globalnewsmexico.com\/sitio\/wp-json\/wp\/v2\/comments?post=46358"}],"version-history":[{"count":0,"href":"https:\/\/globalnewsmexico.com\/sitio\/wp-json\/wp\/v2\/posts\/46358\/revisions"}],"wp:featuredmedia":[{"embeddable":true,"href":"https:\/\/globalnewsmexico.com\/sitio\/wp-json\/wp\/v2\/media\/46359"}],"wp:attachment":[{"href":"https:\/\/globalnewsmexico.com\/sitio\/wp-json\/wp\/v2\/media?parent=46358"}],"wp:term":[{"taxonomy":"category","embeddable":true,"href":"https:\/\/globalnewsmexico.com\/sitio\/wp-json\/wp\/v2\/categories?post=46358"},{"taxonomy":"post_tag","embeddable":true,"href":"https:\/\/globalnewsmexico.com\/sitio\/wp-json\/wp\/v2\/tags?post=46358"}],"curies":[{"name":"wp","href":"https:\/\/api.w.org\/{rel}","templated":true}]}}