{"id":46458,"date":"2020-04-16T09:49:49","date_gmt":"2020-04-16T14:49:49","guid":{"rendered":"http:\/\/globalnewsmexico.com\/sitio\/?p=46458"},"modified":"2020-04-16T09:49:49","modified_gmt":"2020-04-16T14:49:49","slug":"municipios-sin-coronavirus-reanudarian-actividades-y-clases-el-17-de-mayo-amlo","status":"publish","type":"post","link":"https:\/\/globalnewsmexico.com\/sitio\/municipios-sin-coronavirus-reanudarian-actividades-y-clases-el-17-de-mayo-amlo\/","title":{"rendered":"Municipios sin coronavirus reanudar\u00edan actividades y clases el 17 de mayo: AMLO"},"content":{"rendered":"<p>El presidente Andr\u00e9s Manuel L\u00f3pez Obrador dijo que si se contin\u00faa cumpliendo con las medidas de sana distancia, el regreso a clases y actividades en los municipios sin casos de contagio de coronavirus se dar\u00eda el 17 de mayo, mientras que para el resto del pa\u00eds ser\u00e1 el 1 de junio. <\/p>\n<p>\u00abEn el caso de las escuelas, como es obvio, no hay regreso a clases el lunes; el regreso a clase de acuerdo a esto que se est\u00e1 proponiendo es el 17 de mayo en los municipios en donde no hay casos de coronavirus\u00bb, afirm\u00f3 en conferencia matutina.<\/p>\n<p>Anuncio que hoy se dar\u00e1n a conocer los municipios sin casos de Covid-19 para que se implementen cordones sanitarios; sin embargo, el presidente aclar\u00f3 que \u00abse regresa a la normalidad con la \u00fanica limitaci\u00f3n de que los adultos mayores, las mujeres embarazadas, los enfermos de diabetes, hipertensi\u00f3n, tienen que seguirse cuidando\u00bb. <\/p>\n<p>Asegur\u00f3 que en las zonas m\u00e1s afectadas por la pandemia, el reinicio de la actividad educativa y productiva ser\u00e1 a partir del 1 de junio, \u00absiempre y cuando se sigan cumpliendo con las medidas\u00bb.<\/p>\n<p>L\u00f3pez Obrador afirm\u00f3 que su gobierno no ser\u00e1 rebasado en los servicios de salud para atender a las personas contagiadas de coronavirus, pues \u00abno nos van a faltar camas, ventiladores y m\u00e9dicos especialistas\u00bb. <\/p>\n<p>\u00abVamos a salvar vidas entre todos, por actuar de manera consciente y responsable, esto es lo que tenemos que seguir haciendo para regresar a la normalidad\u00bb, coment\u00f3.<\/p>\n<p>Fuente: Milenio<\/p>\n","protected":false},"excerpt":{"rendered":"<p>El presidente Andr\u00e9s Manuel L\u00f3pez Obrador dijo que si se contin\u00faa cumpliendo con las medidas de sana distancia, el regreso a clases y actividades en los municipios sin casos de contagio de coronavirus se dar\u00eda el 17 de mayo, mientras que para el resto del pa\u00eds ser\u00e1 el 1 de junio. \u00abEn el caso de<a class=\"read-more\" href=\"https:\/\/globalnewsmexico.com\/sitio\/municipios-sin-coronavirus-reanudarian-actividades-y-clases-el-17-de-mayo-amlo\/\">Leer m\u00e1s<\/a><\/p>\n","protected":false},"author":5,"featured_media":46459,"comment_status":"closed","ping_status":"open","sticky":false,"template":"","format":"standard","meta":{"spay_email":"","footnotes":""},"categories":[37,8,39,52],"tags":[],"jetpack_featured_media_url":"https:\/\/i0.wp.com\/globalnewsmexico.com\/sitio\/wp-content\/uploads\/2020\/04\/amlo-municipios-covid-reanudaran-clases_0_21_958_595.jpeg?fit=1040%2C647&ssl=1","jetpack_sharing_enabled":true,"jetpack_shortlink":"https:\/\/wp.me\/p9yqPL-c5k","jetpack_likes_enabled":true,"_links":{"self":[{"href":"https:\/\/globalnewsmexico.com\/sitio\/wp-json\/wp\/v2\/posts\/46458"}],"collection":[{"href":"https:\/\/globalnewsmexico.com\/sitio\/wp-json\/wp\/v2\/posts"}],"about":[{"href":"https:\/\/globalnewsmexico.com\/sitio\/wp-json\/wp\/v2\/types\/post"}],"author":[{"embeddable":true,"href":"https:\/\/globalnewsmexico.com\/sitio\/wp-json\/wp\/v2\/users\/5"}],"replies":[{"embeddable":true,"href":"https:\/\/globalnewsmexico.com\/sitio\/wp-json\/wp\/v2\/comments?post=46458"}],"version-history":[{"count":0,"href":"https:\/\/globalnewsmexico.com\/sitio\/wp-json\/wp\/v2\/posts\/46458\/revisions"}],"wp:featuredmedia":[{"embeddable":true,"href":"https:\/\/globalnewsmexico.com\/sitio\/wp-json\/wp\/v2\/media\/46459"}],"wp:attachment":[{"href":"https:\/\/globalnewsmexico.com\/sitio\/wp-json\/wp\/v2\/media?parent=46458"}],"wp:term":[{"taxonomy":"category","embeddable":true,"href":"https:\/\/globalnewsmexico.com\/sitio\/wp-json\/wp\/v2\/categories?post=46458"},{"taxonomy":"post_tag","embeddable":true,"href":"https:\/\/globalnewsmexico.com\/sitio\/wp-json\/wp\/v2\/tags?post=46458"}],"curies":[{"name":"wp","href":"https:\/\/api.w.org\/{rel}","templated":true}]}}