{"id":46502,"date":"2020-04-17T09:51:09","date_gmt":"2020-04-17T14:51:09","guid":{"rendered":"http:\/\/globalnewsmexico.com\/sitio\/?p=46502"},"modified":"2020-04-17T09:51:09","modified_gmt":"2020-04-17T14:51:09","slug":"el-10-de-mayo-sera-el-punto-mas-critico-por-coronavirus-amlo","status":"publish","type":"post","link":"https:\/\/globalnewsmexico.com\/sitio\/el-10-de-mayo-sera-el-punto-mas-critico-por-coronavirus-amlo\/","title":{"rendered":"El 10 de mayo ser\u00e1 el punto m\u00e1s cr\u00edtico por coronavirus: AMLO"},"content":{"rendered":"<p>El presidente Andr\u00e9s Manuel L\u00f3pez Obrador inform\u00f3 que, de acuerdo con proyecciones de especialistas y cient\u00edficos, en la primera semana de mayo \u201cvamos a tener la mayor afectaci\u00f3n por coronavirus\u201d.<\/p>\n<p>Especific\u00f3 que entre el 8 y 10 de mayo, la Ciudad de M\u00e9xico y algunos municipios del Estado de M\u00e9xico ser\u00e1n las zonas m\u00e1s perjudicadas por el Covid-19.<\/p>\n<p>\u201cEstamos pensando que, de acuerdo a las proyecciones de los especialistas y cient\u00edficos, que la primera semana de mayo, de manera exacta en el caso de la Ciudad de M\u00e9xico y algunos municipios del Estado de M\u00e9xico, el 8 y 10 de mayo, vamos a tener la mayor afectaci\u00f3n por coronavirus\u201d, declar\u00f3 en su conferencia ma\u00f1anera.<\/p>\n<p>Fuente: Radio F\u00f3rmula<\/p>\n","protected":false},"excerpt":{"rendered":"<p>El presidente Andr\u00e9s Manuel L\u00f3pez Obrador inform\u00f3 que, de acuerdo con proyecciones de especialistas y cient\u00edficos, en la primera semana de mayo \u201cvamos a tener la mayor afectaci\u00f3n por coronavirus\u201d. Especific\u00f3 que entre el 8 y 10 de mayo, la Ciudad de M\u00e9xico y algunos municipios del Estado de M\u00e9xico ser\u00e1n las zonas m\u00e1s perjudicadas<a class=\"read-more\" href=\"https:\/\/globalnewsmexico.com\/sitio\/el-10-de-mayo-sera-el-punto-mas-critico-por-coronavirus-amlo\/\">Leer m\u00e1s<\/a><\/p>\n","protected":false},"author":5,"featured_media":46503,"comment_status":"closed","ping_status":"open","sticky":false,"template":"","format":"standard","meta":{"spay_email":"","footnotes":""},"categories":[37,8,39,52],"tags":[],"jetpack_featured_media_url":"https:\/\/i0.wp.com\/globalnewsmexico.com\/sitio\/wp-content\/uploads\/2020\/04\/1096033.jpg?fit=1024%2C683&ssl=1","jetpack_sharing_enabled":true,"jetpack_shortlink":"https:\/\/wp.me\/p9yqPL-c62","jetpack_likes_enabled":true,"_links":{"self":[{"href":"https:\/\/globalnewsmexico.com\/sitio\/wp-json\/wp\/v2\/posts\/46502"}],"collection":[{"href":"https:\/\/globalnewsmexico.com\/sitio\/wp-json\/wp\/v2\/posts"}],"about":[{"href":"https:\/\/globalnewsmexico.com\/sitio\/wp-json\/wp\/v2\/types\/post"}],"author":[{"embeddable":true,"href":"https:\/\/globalnewsmexico.com\/sitio\/wp-json\/wp\/v2\/users\/5"}],"replies":[{"embeddable":true,"href":"https:\/\/globalnewsmexico.com\/sitio\/wp-json\/wp\/v2\/comments?post=46502"}],"version-history":[{"count":0,"href":"https:\/\/globalnewsmexico.com\/sitio\/wp-json\/wp\/v2\/posts\/46502\/revisions"}],"wp:featuredmedia":[{"embeddable":true,"href":"https:\/\/globalnewsmexico.com\/sitio\/wp-json\/wp\/v2\/media\/46503"}],"wp:attachment":[{"href":"https:\/\/globalnewsmexico.com\/sitio\/wp-json\/wp\/v2\/media?parent=46502"}],"wp:term":[{"taxonomy":"category","embeddable":true,"href":"https:\/\/globalnewsmexico.com\/sitio\/wp-json\/wp\/v2\/categories?post=46502"},{"taxonomy":"post_tag","embeddable":true,"href":"https:\/\/globalnewsmexico.com\/sitio\/wp-json\/wp\/v2\/tags?post=46502"}],"curies":[{"name":"wp","href":"https:\/\/api.w.org\/{rel}","templated":true}]}}