{"id":46666,"date":"2020-04-21T09:17:57","date_gmt":"2020-04-21T14:17:57","guid":{"rendered":"http:\/\/globalnewsmexico.com\/sitio\/?p=46666"},"modified":"2020-04-21T09:18:20","modified_gmt":"2020-04-21T14:18:20","slug":"no-hay-que-relajar-la-disciplina-amlo-ante-covid-19","status":"publish","type":"post","link":"https:\/\/globalnewsmexico.com\/sitio\/no-hay-que-relajar-la-disciplina-amlo-ante-covid-19\/","title":{"rendered":"No hay que relajar la disciplina: AMLO ante Covid-19"},"content":{"rendered":"<p>El presidente Andr\u00e9s Manuel L\u00f3pez Obrador pidi\u00f3 a la poblaci\u00f3n no salir de casa y no \u00abrelajar la disciplina\u00bb que se necesita para terminar la pandemia de coronavirus, pues asegur\u00f3 que ya falta poco.<\/p>\n<p>Durante conferencia de prensa ma\u00f1anera, L\u00f3pez Obrador dijo:<\/p>\n<p>\u00abQue nos ayuden no saliendo de sus casa, no relajando la disciplina que se necesita para terminar, que sigamos en nuestras casas, que nos sigamos cuidando, que cuidemos a los adultos mayores, a los enfermos\u00bb.<\/p>\n<p>Aunado a esto, pidi\u00f3 a los empresarios que lo ayuden \u00abno dejando de pagar a sus trabajadores, que siga quedando de manifiesto que sigamos dando el ejemplo de solidaridad de fraternidad\u00bb.<\/p>\n<p>Finalmente, reiter\u00f3 a la ciudadan\u00eda que \u00abse guarde la sana distancia, que continuemos, ya falta poco, ya vamos a salir de esta pandemia, no ha habido afortunadamente ning\u00fan descontrol, todo se est\u00e1 presentando de acuerdo a lo previsto\u00bb.<\/p>\n<p>Fuente: Xeu Noticias<\/p>\n","protected":false},"excerpt":{"rendered":"<p>El presidente Andr\u00e9s Manuel L\u00f3pez Obrador pidi\u00f3 a la poblaci\u00f3n no salir de casa y no \u00abrelajar la disciplina\u00bb que se necesita para terminar la pandemia de coronavirus, pues asegur\u00f3 que ya falta poco. Durante conferencia de prensa ma\u00f1anera, L\u00f3pez Obrador dijo: \u00abQue nos ayuden no saliendo de sus casa, no relajando la disciplina que<a class=\"read-more\" href=\"https:\/\/globalnewsmexico.com\/sitio\/no-hay-que-relajar-la-disciplina-amlo-ante-covid-19\/\">Leer m\u00e1s<\/a><\/p>\n","protected":false},"author":5,"featured_media":46667,"comment_status":"closed","ping_status":"open","sticky":false,"template":"","format":"standard","meta":{"spay_email":"","footnotes":""},"categories":[37,8,40,52],"tags":[],"jetpack_featured_media_url":"https:\/\/i2.wp.com\/globalnewsmexico.com\/sitio\/wp-content\/uploads\/2020\/04\/1096684.jpg?fit=1024%2C683&ssl=1","jetpack_sharing_enabled":true,"jetpack_shortlink":"https:\/\/wp.me\/p9yqPL-c8G","jetpack_likes_enabled":true,"_links":{"self":[{"href":"https:\/\/globalnewsmexico.com\/sitio\/wp-json\/wp\/v2\/posts\/46666"}],"collection":[{"href":"https:\/\/globalnewsmexico.com\/sitio\/wp-json\/wp\/v2\/posts"}],"about":[{"href":"https:\/\/globalnewsmexico.com\/sitio\/wp-json\/wp\/v2\/types\/post"}],"author":[{"embeddable":true,"href":"https:\/\/globalnewsmexico.com\/sitio\/wp-json\/wp\/v2\/users\/5"}],"replies":[{"embeddable":true,"href":"https:\/\/globalnewsmexico.com\/sitio\/wp-json\/wp\/v2\/comments?post=46666"}],"version-history":[{"count":0,"href":"https:\/\/globalnewsmexico.com\/sitio\/wp-json\/wp\/v2\/posts\/46666\/revisions"}],"wp:featuredmedia":[{"embeddable":true,"href":"https:\/\/globalnewsmexico.com\/sitio\/wp-json\/wp\/v2\/media\/46667"}],"wp:attachment":[{"href":"https:\/\/globalnewsmexico.com\/sitio\/wp-json\/wp\/v2\/media?parent=46666"}],"wp:term":[{"taxonomy":"category","embeddable":true,"href":"https:\/\/globalnewsmexico.com\/sitio\/wp-json\/wp\/v2\/categories?post=46666"},{"taxonomy":"post_tag","embeddable":true,"href":"https:\/\/globalnewsmexico.com\/sitio\/wp-json\/wp\/v2\/tags?post=46666"}],"curies":[{"name":"wp","href":"https:\/\/api.w.org\/{rel}","templated":true}]}}