{"id":46684,"date":"2020-04-21T11:54:07","date_gmt":"2020-04-21T16:54:07","guid":{"rendered":"http:\/\/globalnewsmexico.com\/sitio\/?p=46684"},"modified":"2020-04-21T11:54:07","modified_gmt":"2020-04-21T16:54:07","slug":"economia-de-mexico-caera-6-5-por-coronavirus-cepal","status":"publish","type":"post","link":"https:\/\/globalnewsmexico.com\/sitio\/economia-de-mexico-caera-6-5-por-coronavirus-cepal\/","title":{"rendered":"Econom\u00eda de M\u00e9xico caer\u00e1 6.5% por coronavirus: Cepal"},"content":{"rendered":"<p>El Producto Interno Bruto (PIB) de M\u00e9xico caer\u00e1 6.5 por ciento en 2020 como consecuencia de la pandemia de coronavirus, estim\u00f3 la  Comisi\u00f3n Econ\u00f3mica para Am\u00e9rica Latina y el Caribe (Cepal); alert\u00f3 que el Covid-19 provocar\u00e1 la mayor crisis econ\u00f3mica en la historia de la regi\u00f3n.<\/p>\n<p>La econom\u00eda de Latinoam\u00e9rica se contraer\u00e1 5.3 por ciento en 2020 debido a la pandemia del nuevo coronavirus, lo que generar\u00e1 casi 11.5 millones de nuevos desempleados y casi 30 millones m\u00e1s de pobres, detall\u00f3 la Cepal.<\/p>\n<p>El par\u00f3n econ\u00f3mico en los principales socios comerciales de la regi\u00f3n, la ca\u00edda en el valor de las materias primas y el golpe en \u00e1reas como el turismo, llevar\u00e1n a \u00abla peor contracci\u00f3n de la actividad econ\u00f3mica que la regi\u00f3n haya sufrido desde que se iniciaron los registros, en 1900\u00bb, indic\u00f3 el organismo de la ONU, con sede en Santiago.<\/p>\n<p>Los pa\u00edses m\u00e1s afectados ser\u00e1n Venezuela (-18%), M\u00e9xico (-6.5%), Argentina (-6.5%), Ecuador (-6.5%), Nicaragua (-5.9%) y Brasil (-5.2%), mientras que los menos impactados son Rep\u00fablica Dominicana (0%), Guatemala (-1.3%), Paraguay (-1.4%), Panam\u00e1 (-2%), Colombia (-2.6%) y Honduras (-2.8%), seg\u00fan el informe.<\/p>\n<p>Fuente: Agencias<\/p>\n","protected":false},"excerpt":{"rendered":"<p>El Producto Interno Bruto (PIB) de M\u00e9xico caer\u00e1 6.5 por ciento en 2020 como consecuencia de la pandemia de coronavirus, estim\u00f3 la Comisi\u00f3n Econ\u00f3mica para Am\u00e9rica Latina y el Caribe (Cepal); alert\u00f3 que el Covid-19 provocar\u00e1 la mayor crisis econ\u00f3mica en la historia de la regi\u00f3n. La econom\u00eda de Latinoam\u00e9rica se contraer\u00e1 5.3 por ciento<a class=\"read-more\" href=\"https:\/\/globalnewsmexico.com\/sitio\/economia-de-mexico-caera-6-5-por-coronavirus-cepal\/\">Leer m\u00e1s<\/a><\/p>\n","protected":false},"author":5,"featured_media":46685,"comment_status":"closed","ping_status":"open","sticky":false,"template":"","format":"standard","meta":{"spay_email":"","footnotes":""},"categories":[37,8,40,52],"tags":[],"jetpack_featured_media_url":"https:\/\/i1.wp.com\/globalnewsmexico.com\/sitio\/wp-content\/uploads\/2020\/04\/alicia-barcena-secretaria-ejecutiva-cepal-8_0_20_913_567.jpg?fit=1040%2C647&ssl=1","jetpack_sharing_enabled":true,"jetpack_shortlink":"https:\/\/wp.me\/p9yqPL-c8Y","jetpack_likes_enabled":true,"_links":{"self":[{"href":"https:\/\/globalnewsmexico.com\/sitio\/wp-json\/wp\/v2\/posts\/46684"}],"collection":[{"href":"https:\/\/globalnewsmexico.com\/sitio\/wp-json\/wp\/v2\/posts"}],"about":[{"href":"https:\/\/globalnewsmexico.com\/sitio\/wp-json\/wp\/v2\/types\/post"}],"author":[{"embeddable":true,"href":"https:\/\/globalnewsmexico.com\/sitio\/wp-json\/wp\/v2\/users\/5"}],"replies":[{"embeddable":true,"href":"https:\/\/globalnewsmexico.com\/sitio\/wp-json\/wp\/v2\/comments?post=46684"}],"version-history":[{"count":0,"href":"https:\/\/globalnewsmexico.com\/sitio\/wp-json\/wp\/v2\/posts\/46684\/revisions"}],"wp:featuredmedia":[{"embeddable":true,"href":"https:\/\/globalnewsmexico.com\/sitio\/wp-json\/wp\/v2\/media\/46685"}],"wp:attachment":[{"href":"https:\/\/globalnewsmexico.com\/sitio\/wp-json\/wp\/v2\/media?parent=46684"}],"wp:term":[{"taxonomy":"category","embeddable":true,"href":"https:\/\/globalnewsmexico.com\/sitio\/wp-json\/wp\/v2\/categories?post=46684"},{"taxonomy":"post_tag","embeddable":true,"href":"https:\/\/globalnewsmexico.com\/sitio\/wp-json\/wp\/v2\/tags?post=46684"}],"curies":[{"name":"wp","href":"https:\/\/api.w.org\/{rel}","templated":true}]}}