{"id":46704,"date":"2020-04-21T14:52:12","date_gmt":"2020-04-21T19:52:12","guid":{"rendered":"http:\/\/globalnewsmexico.com\/sitio\/?p=46704"},"modified":"2020-04-21T14:53:13","modified_gmt":"2020-04-21T19:53:13","slug":"exhortan-a-hacer-compras-a-traves-del-programa-del-mercado-a-tu-hogar","status":"publish","type":"post","link":"https:\/\/globalnewsmexico.com\/sitio\/exhortan-a-hacer-compras-a-traves-del-programa-del-mercado-a-tu-hogar\/","title":{"rendered":"Exhortan a hacer compras a trav\u00e9s del programa &#8216;Del Mercado a tu Hogar&#8217;"},"content":{"rendered":"<p>A tres semanas de haberse implementado el programa &#8216;Del Mercado a tu Hogar&#8217; en los centros de abasto Constituci\u00f3n y Coatzacoalcos, este ha tenido una buena aceptaci\u00f3n y se espera que ahora, ante la fase 3 del Covid-19, que es cuando m\u00e1s se exhorta a la poblaci\u00f3n a quedarse en casa, este sea a\u00fan m\u00e1s aprovechado por las amas de casa.<\/p>\n<p>Los directores de Comercio y Mercados, Miguel Espinoza Villegas y Rosendo Dur\u00e1n Ram\u00edrez, respectivamente, se dijeron satisfechos del resultado que ha tenido esta iniciativa, sobre todo porque se apoya no solo a los locatarios de los mercados antes mencionados, tambi\u00e9n a un grupo de taxistas que son los que se encargan de entregar los pedidos, sino tambi\u00e9n a la ama de casa o al ciudadano, que vive solo y que no quiere arriesgarse saliendo de su casa para hacer sus compras.<\/p>\n<p>\u201cCon este programa estamos sosteniendo la econom\u00eda de locatarios y taxistas ya que las ventas han bajado en esta temporada de cuarentena. En los dos mercados tenemos Call Center para levantar sus pedidos y un taxi se los lleva hasta la puerta de su hogar, manteni\u00e9ndonos en casa como nos lo pide la Secretar\u00eda de Salud\u201d, apuntaron.<\/p>\n<p>Por otra parte, Espinoza Villegas, precis\u00f3 que las recomendaciones de la sana distancia, el uso de gel antibacterial, cubre bocas y mascarillas de protecci\u00f3n e incluso guantes, de igual manera se le ha pedido que lo cumplan a los vendedores ambulantes que se ubican en el centro de la ciudad.<\/p>\n","protected":false},"excerpt":{"rendered":"<p>A tres semanas de haberse implementado el programa &#8216;Del Mercado a tu Hogar&#8217; en los centros de abasto Constituci\u00f3n y Coatzacoalcos, este ha tenido una buena aceptaci\u00f3n y se espera que ahora, ante la fase 3 del Covid-19, que es cuando m\u00e1s se exhorta a la poblaci\u00f3n a quedarse en casa, este sea a\u00fan m\u00e1s<a class=\"read-more\" href=\"https:\/\/globalnewsmexico.com\/sitio\/exhortan-a-hacer-compras-a-traves-del-programa-del-mercado-a-tu-hogar\/\">Leer m\u00e1s<\/a><\/p>\n","protected":false},"author":5,"featured_media":46705,"comment_status":"closed","ping_status":"open","sticky":false,"template":"","format":"standard","meta":{"spay_email":"","footnotes":""},"categories":[37,8,50,52],"tags":[],"jetpack_featured_media_url":"https:\/\/i1.wp.com\/globalnewsmexico.com\/sitio\/wp-content\/uploads\/2020\/04\/6aa1f960-6dbf-4c83-96f3-93869895e230.jpg?fit=1040%2C1040&ssl=1","jetpack_sharing_enabled":true,"jetpack_shortlink":"https:\/\/wp.me\/p9yqPL-c9i","jetpack_likes_enabled":true,"_links":{"self":[{"href":"https:\/\/globalnewsmexico.com\/sitio\/wp-json\/wp\/v2\/posts\/46704"}],"collection":[{"href":"https:\/\/globalnewsmexico.com\/sitio\/wp-json\/wp\/v2\/posts"}],"about":[{"href":"https:\/\/globalnewsmexico.com\/sitio\/wp-json\/wp\/v2\/types\/post"}],"author":[{"embeddable":true,"href":"https:\/\/globalnewsmexico.com\/sitio\/wp-json\/wp\/v2\/users\/5"}],"replies":[{"embeddable":true,"href":"https:\/\/globalnewsmexico.com\/sitio\/wp-json\/wp\/v2\/comments?post=46704"}],"version-history":[{"count":0,"href":"https:\/\/globalnewsmexico.com\/sitio\/wp-json\/wp\/v2\/posts\/46704\/revisions"}],"wp:featuredmedia":[{"embeddable":true,"href":"https:\/\/globalnewsmexico.com\/sitio\/wp-json\/wp\/v2\/media\/46705"}],"wp:attachment":[{"href":"https:\/\/globalnewsmexico.com\/sitio\/wp-json\/wp\/v2\/media?parent=46704"}],"wp:term":[{"taxonomy":"category","embeddable":true,"href":"https:\/\/globalnewsmexico.com\/sitio\/wp-json\/wp\/v2\/categories?post=46704"},{"taxonomy":"post_tag","embeddable":true,"href":"https:\/\/globalnewsmexico.com\/sitio\/wp-json\/wp\/v2\/tags?post=46704"}],"curies":[{"name":"wp","href":"https:\/\/api.w.org\/{rel}","templated":true}]}}