{"id":46922,"date":"2020-04-25T18:44:49","date_gmt":"2020-04-25T23:44:49","guid":{"rendered":"http:\/\/globalnewsmexico.com\/sitio\/?p=46922"},"modified":"2020-04-25T18:47:41","modified_gmt":"2020-04-25T23:47:41","slug":"gobierno-de-coatzacoalcos-activo-a-pesar-del-covid-19","status":"publish","type":"post","link":"https:\/\/globalnewsmexico.com\/sitio\/gobierno-de-coatzacoalcos-activo-a-pesar-del-covid-19\/","title":{"rendered":"Gobierno de Coatzacoalcos, activo a pesar del Covid-19"},"content":{"rendered":"<p>Siguiendo con los lineamientos trazados por el Gobierno de M\u00e9xico, para la contenci\u00f3n del contagio y propagaci\u00f3n del Covid-19, el Gobierno de Coatzacoalcos que encabeza V\u00edctor Manuel Carranza Rosaldo, dise\u00f1\u00f3 un programa de acci\u00f3n a trav\u00e9s del cual se ofrecen los servicios p\u00fablicos prioritarios a la ciudadan\u00eda, pero a la vez salvaguarda la salud f\u00edsica de sus empleados; adem\u00e1s, fomenta la salud p\u00fablica con tareas de prevenci\u00f3n y concientizaci\u00f3n, para que los residentes se queden en sus casas en este periodo de cuarentena.<\/p>\n<p>En beneficio de los trabajadores del Ayuntamiento que laboran fuera de oficinas, se adquirieron dos mil cubrebocas, caretas y guantes, los cuales fueron distribuidos entre el personal de barrido y recolecci\u00f3n de Limpia P\u00fablica y a los que trabajan en el basurero de Villa Allende, as\u00ed como a los pepenadores. Se entreg\u00f3 este mismo a Ornatos, Obras P\u00fablicas, Taller de Mantenimiento, Servicios Municipales, Alumbrado P\u00fablico, entre otros. <\/p>\n<p>Se ha ejercido una estrecha colaboraci\u00f3n con el ITESCO, para la elaboraci\u00f3n de mascarillas y caretas, as\u00ed como respiradores artificiales, estos \u00faltimos ser\u00e1n donados para los hospitales donde se recibir\u00e1n pacientes con Coronavirus. <\/p>\n<p>En materia de salud p\u00fablica, se donaron fumigadores a los ocho mercados de Coatzacoalcos, con el objeto de mantener sanitizados sus pasillos y locales, adem\u00e1s de desinfectarse su exterior con apoyo de personal de Protecci\u00f3n Civil y Bomberos. <\/p>\n<p>Los seis centros de abasto de la cabecera municipal y los dos de Villa Allende, ya est\u00e1n sanitizados, as\u00ed como otros sectores de la ciudad, en donde hay concentraci\u00f3n de vendedores campesinos como el tramo de la Avenida Universidad conocido como Las Palmitas.<\/p>\n<p>De la misma forma, los inmuebles del Hospital General de zona no. 36 del Seguro Social y el Hospital Regional \u201cValent\u00edn G\u00f3mez Far\u00edas\u201d.<\/p>\n<p>La Direcci\u00f3n Municipal de la Juventud, la Regidur\u00eda Cuarta, Sistema DIF y Direcci\u00f3n Municipal del Deporte, han entregado despensas y agua a familias de escasos recursos y la Direcci\u00f3n de Programas Sociales ha instalado Comedores Comunitarios, en los que se brindan alimentos comidas calientes a personas vulnerables. <\/p>\n<p>Se le ha dado difusi\u00f3n a todas las medidas sanitarias que se han aplicado para la contenci\u00f3n del Coronavirus, ya sea a trav\u00e9s de redes sociales, medios de comunicaci\u00f3n y perifoneo con el apoyo de Polic\u00edas Municipales en colonias y centro de la ciudad. <\/p>\n<p>Para mantener al tanto a la ciudadan\u00eda sobre los servicios que sigue prestando el Ayuntamiento, se han ofrecido conferencias en l\u00ednea por parte de funcionarios como el Titular de Protecci\u00f3n Civil, el Secretario de Desarrollo Econ\u00f3mico Municipal, la Directora del Instituto Municipal de la Mujer, el Secretario de Obras P\u00fablicas y Desarrollo Urbano, entre otros. <\/p>\n<p>Para reforzar el parque vehicular de la Unidad de Protecci\u00f3n Civil, el Taller de Mantenimiento entreg\u00f3 un cami\u00f3n cisterna a esta corporaci\u00f3n de auxilio.<\/p>\n<p>Para no dejar desprotegida la ciudad, en materia de recolecci\u00f3n de desechos s\u00f3lidos, se realiz\u00f3 el cambio de este servicio y se instrumentaron sistemas de guardia para el personal de la Direcci\u00f3n de Ornatos.<\/p>\n<p>La \u00e9poca de sequ\u00eda ya est\u00e1 afectando a los residentes de Coatzacoalcos, por lo que se implement\u00f3 un programa de acci\u00f3n para dotar de agua con el apoyo de pipas de CMAS y del Ayuntamiento a colonias y zona rural del municipio.<\/p>\n<p>El Instituto Municipal de la Mujer (IMM), habilit\u00f3 un n\u00famero de WhatsApp para brindar asesor\u00edas a las personas que se sientan violentadas debido a la fase de confinamiento en el hogar. <\/p>\n<p>La oficina del Registro Civil sigue laborando, para la expedici\u00f3n de documentos urgentes como actas de defunci\u00f3n y registro urgente de ni\u00f1os.<\/p>\n<p>La Direcci\u00f3n de Obras P\u00fablicas dio a conocer el Reglamento de Residuos Dom\u00e9sticos ante la contingencia con la finalidad de que los ciudadanos separemos los desechos en org\u00e1nicos, inorg\u00e1nicos y adem\u00e1s los que se generan por esta contingencia como cubrebocas y guantes. Lo mismo sucedi\u00f3 con el Reglamento de Residuos Hospitalarios ante la contingencia.<\/p>\n<p>Difusi\u00f3n de medidas sanitarias en mercados y de la suspensi\u00f3n de labores por parte de la oficina de Reclutamiento Militar \u2013cartillas\u2014y de eventos deportivos.<\/p>\n<p>A trav\u00e9s de Internet, se ha hecho del conocimiento de los ciudadanos una Infograf\u00eda sobre elaboraci\u00f3n de cubrebocas y se transmiten capsulas deportivas, de cultura, de talleres que se dan en las bibliotecas p\u00fablicas y los conciertos de la Orquesta de M\u00fasica Popular.<\/p>\n<p>Por otra parte, se aplazaron los eventos conmemorativos a la celebraci\u00f3n de los 109 a\u00f1os de haberse constituido en ciudad Coatzacoalcos.<\/p>\n<p>Se reforzaron los protocolos de vigilancia por parte de la Polic\u00eda Municipal y de Protecci\u00f3n Civil, para que los habitantes respeten los lineamientos de que no debe haber m\u00e1s de 50 personas reunidas en un espacio p\u00fablico, como playas, parques, canchas deportivas.<\/p>\n","protected":false},"excerpt":{"rendered":"<p>Siguiendo con los lineamientos trazados por el Gobierno de M\u00e9xico, para la contenci\u00f3n del contagio y propagaci\u00f3n del Covid-19, el Gobierno de Coatzacoalcos que encabeza V\u00edctor Manuel Carranza Rosaldo, dise\u00f1\u00f3 un programa de acci\u00f3n a trav\u00e9s del cual se ofrecen los servicios p\u00fablicos prioritarios a la ciudadan\u00eda, pero a la vez salvaguarda la salud f\u00edsica<a class=\"read-more\" href=\"https:\/\/globalnewsmexico.com\/sitio\/gobierno-de-coatzacoalcos-activo-a-pesar-del-covid-19\/\">Leer m\u00e1s<\/a><\/p>\n","protected":false},"author":5,"featured_media":46923,"comment_status":"closed","ping_status":"open","sticky":false,"template":"","format":"standard","meta":{"spay_email":"","footnotes":""},"categories":[37,8,50,52],"tags":[],"jetpack_featured_media_url":"https:\/\/i2.wp.com\/globalnewsmexico.com\/sitio\/wp-content\/uploads\/2020\/04\/4825fbd3-9457-4c7b-bbb7-97cac05171bb.jpg?fit=1040%2C694&ssl=1","jetpack_sharing_enabled":true,"jetpack_shortlink":"https:\/\/wp.me\/p9yqPL-ccO","jetpack_likes_enabled":true,"_links":{"self":[{"href":"https:\/\/globalnewsmexico.com\/sitio\/wp-json\/wp\/v2\/posts\/46922"}],"collection":[{"href":"https:\/\/globalnewsmexico.com\/sitio\/wp-json\/wp\/v2\/posts"}],"about":[{"href":"https:\/\/globalnewsmexico.com\/sitio\/wp-json\/wp\/v2\/types\/post"}],"author":[{"embeddable":true,"href":"https:\/\/globalnewsmexico.com\/sitio\/wp-json\/wp\/v2\/users\/5"}],"replies":[{"embeddable":true,"href":"https:\/\/globalnewsmexico.com\/sitio\/wp-json\/wp\/v2\/comments?post=46922"}],"version-history":[{"count":0,"href":"https:\/\/globalnewsmexico.com\/sitio\/wp-json\/wp\/v2\/posts\/46922\/revisions"}],"wp:featuredmedia":[{"embeddable":true,"href":"https:\/\/globalnewsmexico.com\/sitio\/wp-json\/wp\/v2\/media\/46923"}],"wp:attachment":[{"href":"https:\/\/globalnewsmexico.com\/sitio\/wp-json\/wp\/v2\/media?parent=46922"}],"wp:term":[{"taxonomy":"category","embeddable":true,"href":"https:\/\/globalnewsmexico.com\/sitio\/wp-json\/wp\/v2\/categories?post=46922"},{"taxonomy":"post_tag","embeddable":true,"href":"https:\/\/globalnewsmexico.com\/sitio\/wp-json\/wp\/v2\/tags?post=46922"}],"curies":[{"name":"wp","href":"https:\/\/api.w.org\/{rel}","templated":true}]}}