{"id":46986,"date":"2020-04-28T09:33:42","date_gmt":"2020-04-28T14:33:42","guid":{"rendered":"http:\/\/globalnewsmexico.com\/sitio\/?p=46986"},"modified":"2020-04-28T09:33:42","modified_gmt":"2020-04-28T14:33:42","slug":"lanzan-nueva-convocatoria-para-medicos-especialistas-contra-coronavirus","status":"publish","type":"post","link":"https:\/\/globalnewsmexico.com\/sitio\/lanzan-nueva-convocatoria-para-medicos-especialistas-contra-coronavirus\/","title":{"rendered":"Lanzan nueva convocatoria para m\u00e9dicos especialistas contra coronavirus"},"content":{"rendered":"<p>El coordinador nacional de Abastecimiento y Distribuci\u00f3n de Medicamentos, Alejandro Calder\u00f3n Alipi, inform\u00f3 que se emitir\u00e1 una convocatoria dirigida a 337 m\u00e9dicos especialistas para atender a los pacientes contagiados de coronavirus en M\u00e9xico, por lo que el titular de la Secretar\u00eda de Salud, Jorge Alcocer, enviar\u00e1 una carta a dicho personal para invitarlos a que se incorporen a los hospitales covid-19. <\/p>\n<p>\u00abVamos a emitir una convocatoria dirigida a 337 m\u00e9dicos especialistas que tenemos en nuestro pa\u00eds, son m\u00e9dicos que est\u00e1n haciendo estudios de alta especialidad o subespecialidad, son profesionales de la salud con un alto valor profesional, acad\u00e9mico\u00bb, detall\u00f3. <\/p>\n<p>En conferencia matutina del presidente Andr\u00e9s Manuel L\u00f3pez Obrador, destac\u00f3 que se est\u00e1 avanzando en la conformaci\u00f3n de equipos de atenci\u00f3n m\u00e9dica ante la emergencia nacional por coronavirus en M\u00e9xico, por lo que ayer se llev\u00f3 a cabo una reuni\u00f3n con directores de Salud.<\/p>\n<p>Agreg\u00f3 que se contin\u00faa con la capacitaci\u00f3n de personal m\u00e9dico y hasta el momento se cuenta con m\u00e1s de 32 mil recursos humanos ya alistados para la atenci\u00f3n de la pandemia y record\u00f3 que se integrar\u00e1n a hospitales de Covid-19 trabajadores de entre 60 y 65 a\u00f1os, quienes recibir\u00e1n 30 por ciento m\u00e1s de su sueldo.<\/p>\n<p>El subsecretario de Salud, Hugo L\u00f3pez-Gatell, indic\u00f3 que 23 por ciento de las camas hospitalarias est\u00e1n ocupadas por personas con enfermedad respiratoria aguda. Mientras que en la Ciudad de M\u00e9xico 50 por ciento de la ocupaci\u00f3n hospitalaria atiende a personas con enfermedad respiratoria aguda.<\/p>\n<p>Fuente: Milenio<\/p>\n","protected":false},"excerpt":{"rendered":"<p>El coordinador nacional de Abastecimiento y Distribuci\u00f3n de Medicamentos, Alejandro Calder\u00f3n Alipi, inform\u00f3 que se emitir\u00e1 una convocatoria dirigida a 337 m\u00e9dicos especialistas para atender a los pacientes contagiados de coronavirus en M\u00e9xico, por lo que el titular de la Secretar\u00eda de Salud, Jorge Alcocer, enviar\u00e1 una carta a dicho personal para invitarlos a que<a class=\"read-more\" href=\"https:\/\/globalnewsmexico.com\/sitio\/lanzan-nueva-convocatoria-para-medicos-especialistas-contra-coronavirus\/\">Leer m\u00e1s<\/a><\/p>\n","protected":false},"author":5,"featured_media":46987,"comment_status":"closed","ping_status":"open","sticky":false,"template":"","format":"standard","meta":{"spay_email":"","footnotes":""},"categories":[37,8,39,52],"tags":[],"jetpack_featured_media_url":"https:\/\/i0.wp.com\/globalnewsmexico.com\/sitio\/wp-content\/uploads\/2020\/04\/categoria-incluye-medicos-enfermeras-camilleros_0_22_958_595.jpg?fit=1040%2C647&ssl=1","jetpack_sharing_enabled":true,"jetpack_shortlink":"https:\/\/wp.me\/p9yqPL-cdQ","jetpack_likes_enabled":true,"_links":{"self":[{"href":"https:\/\/globalnewsmexico.com\/sitio\/wp-json\/wp\/v2\/posts\/46986"}],"collection":[{"href":"https:\/\/globalnewsmexico.com\/sitio\/wp-json\/wp\/v2\/posts"}],"about":[{"href":"https:\/\/globalnewsmexico.com\/sitio\/wp-json\/wp\/v2\/types\/post"}],"author":[{"embeddable":true,"href":"https:\/\/globalnewsmexico.com\/sitio\/wp-json\/wp\/v2\/users\/5"}],"replies":[{"embeddable":true,"href":"https:\/\/globalnewsmexico.com\/sitio\/wp-json\/wp\/v2\/comments?post=46986"}],"version-history":[{"count":0,"href":"https:\/\/globalnewsmexico.com\/sitio\/wp-json\/wp\/v2\/posts\/46986\/revisions"}],"wp:featuredmedia":[{"embeddable":true,"href":"https:\/\/globalnewsmexico.com\/sitio\/wp-json\/wp\/v2\/media\/46987"}],"wp:attachment":[{"href":"https:\/\/globalnewsmexico.com\/sitio\/wp-json\/wp\/v2\/media?parent=46986"}],"wp:term":[{"taxonomy":"category","embeddable":true,"href":"https:\/\/globalnewsmexico.com\/sitio\/wp-json\/wp\/v2\/categories?post=46986"},{"taxonomy":"post_tag","embeddable":true,"href":"https:\/\/globalnewsmexico.com\/sitio\/wp-json\/wp\/v2\/tags?post=46986"}],"curies":[{"name":"wp","href":"https:\/\/api.w.org\/{rel}","templated":true}]}}