{"id":47100,"date":"2020-04-30T10:46:34","date_gmt":"2020-04-30T15:46:34","guid":{"rendered":"http:\/\/globalnewsmexico.com\/sitio\/?p=47100"},"modified":"2020-04-30T10:52:27","modified_gmt":"2020-04-30T15:52:27","slug":"detienen-a-presunto-secuestrador-en-perote-veracruz","status":"publish","type":"post","link":"https:\/\/globalnewsmexico.com\/sitio\/detienen-a-presunto-secuestrador-en-perote-veracruz\/","title":{"rendered":"Detienen a presunto secuestrador en Perote, Veracruz"},"content":{"rendered":"<p>Mediante la implementaci\u00f3n de un operativo t\u00e1ctico de seguridad, personal de la Unidad Especializada en Combate al Secuestro (UECS) con sede en Xalapa, Veracruz, ejecut\u00f3 una orden de aprehensi\u00f3n girada en contra del probable autor de la privaci\u00f3n de la libertad de una v\u00edctima.<\/p>\n<p>Rufino &#8216;N&#8217; fue detenido en el municipio de Perote, mediante un dispositivo de inteligencia donde fue cumplido el mandato judicial emitido por el juez de Control con sede en este Distrito Judicial, dentro del Proceso Penal 05\/2020.<\/p>\n<p>Al detenido se le finca probable responsabilidad de hechos que la Ley tipifica como delito de secuestro, cometido en enero del a\u00f1o en curso en la localidad de Texistepec, perteneciente a este municipio, cuando priv\u00f3 de la libertad a su v\u00edctima de identidad resguardada. <\/p>\n<p>Rufino &#8216;N&#8217; qued\u00f3 a disposici\u00f3n del juez que lo reclama y su situaci\u00f3n jur\u00eddica se definir\u00e1 en continuaci\u00f3n de audiencia, que se llevar\u00e1 a cabo en pr\u00f3ximas fechas.<\/p>\n","protected":false},"excerpt":{"rendered":"<p>Mediante la implementaci\u00f3n de un operativo t\u00e1ctico de seguridad, personal de la Unidad Especializada en Combate al Secuestro (UECS) con sede en Xalapa, Veracruz, ejecut\u00f3 una orden de aprehensi\u00f3n girada en contra del probable autor de la privaci\u00f3n de la libertad de una v\u00edctima. Rufino &#8216;N&#8217; fue detenido en el municipio de Perote, mediante un<a class=\"read-more\" href=\"https:\/\/globalnewsmexico.com\/sitio\/detienen-a-presunto-secuestrador-en-perote-veracruz\/\">Leer m\u00e1s<\/a><\/p>\n","protected":false},"author":5,"featured_media":47101,"comment_status":"closed","ping_status":"open","sticky":false,"template":"","format":"standard","meta":{"spay_email":"","footnotes":""},"categories":[37,8,50,52],"tags":[],"jetpack_featured_media_url":"https:\/\/i1.wp.com\/globalnewsmexico.com\/sitio\/wp-content\/uploads\/2020\/04\/fb6c7557-90bd-4a2c-8198-4d2038076ed5.jpg?fit=1040%2C1040&ssl=1","jetpack_sharing_enabled":true,"jetpack_shortlink":"https:\/\/wp.me\/p9yqPL-cfG","jetpack_likes_enabled":true,"_links":{"self":[{"href":"https:\/\/globalnewsmexico.com\/sitio\/wp-json\/wp\/v2\/posts\/47100"}],"collection":[{"href":"https:\/\/globalnewsmexico.com\/sitio\/wp-json\/wp\/v2\/posts"}],"about":[{"href":"https:\/\/globalnewsmexico.com\/sitio\/wp-json\/wp\/v2\/types\/post"}],"author":[{"embeddable":true,"href":"https:\/\/globalnewsmexico.com\/sitio\/wp-json\/wp\/v2\/users\/5"}],"replies":[{"embeddable":true,"href":"https:\/\/globalnewsmexico.com\/sitio\/wp-json\/wp\/v2\/comments?post=47100"}],"version-history":[{"count":0,"href":"https:\/\/globalnewsmexico.com\/sitio\/wp-json\/wp\/v2\/posts\/47100\/revisions"}],"wp:featuredmedia":[{"embeddable":true,"href":"https:\/\/globalnewsmexico.com\/sitio\/wp-json\/wp\/v2\/media\/47101"}],"wp:attachment":[{"href":"https:\/\/globalnewsmexico.com\/sitio\/wp-json\/wp\/v2\/media?parent=47100"}],"wp:term":[{"taxonomy":"category","embeddable":true,"href":"https:\/\/globalnewsmexico.com\/sitio\/wp-json\/wp\/v2\/categories?post=47100"},{"taxonomy":"post_tag","embeddable":true,"href":"https:\/\/globalnewsmexico.com\/sitio\/wp-json\/wp\/v2\/tags?post=47100"}],"curies":[{"name":"wp","href":"https:\/\/api.w.org\/{rel}","templated":true}]}}