{"id":47253,"date":"2020-05-02T21:45:15","date_gmt":"2020-05-03T02:45:15","guid":{"rendered":"http:\/\/globalnewsmexico.com\/sitio\/?p=47253"},"modified":"2020-05-02T21:45:55","modified_gmt":"2020-05-03T02:45:55","slug":"avala-congreso-reformas-para-proteger-a-victimas-de-violencia-familiar","status":"publish","type":"post","link":"https:\/\/globalnewsmexico.com\/sitio\/avala-congreso-reformas-para-proteger-a-victimas-de-violencia-familiar\/","title":{"rendered":"Avala Congreso reformas para proteger a v\u00edctimas de violencia familiar"},"content":{"rendered":"\n<p>El Pleno de la LXV Legislatura aprob\u00f3 el dictamen de la Comisi\u00f3n Permanente de Justicia y Puntos Constitucionales por el que se reforma el art\u00edculo 154 Quater, del C\u00f3digo Penal del Estado de Veracruz, que faculta al Ministerio P\u00fablico a tener las medidas preventivas necesarias para salvaguardar la integridad f\u00edsica o ps\u00edquica de la v\u00edctima de violencia familiar, debiendo informar al juez para que en audiencia p\u00fablica decrete lo procedente.<\/p>\n\n\n\n<p>El dictamen, resultado de la iniciativa presentada por la diputada Rosalinda Galindo Silva, dota al Ministerio P\u00fablico de los instrumentos jur\u00eddicos necesarios, para que al momento de conocer de los hechos, pueda ordenar las medidas preventivas constituyendo acciones anticipadas, disuadiendo afectaciones mayores para las v\u00edctimas de violencia familiar.<\/p>\n\n\n\n<p>La reforma responde a que las medidas actuales del Ministerio P\u00fablico resultan limitadas en sus atribuciones al actuar a favor de las v\u00edctimas, por lo que la reforma a dicho art\u00edculo dota al Ministerio P\u00fablico para tener, a su alcance inmediato, las medidas de protecci\u00f3n que protejan anticipadamente a las v\u00edctimas de violencia familiar.<\/p>\n\n\n\n<p>En este sentido, el art\u00edculo 154 Quater del C\u00f3digo Penal de la entidad, ya contempla las medidas de prevenci\u00f3n para salvaguardar la atenci\u00f3n de las v\u00edctimas, sin embargo \u00e9stas se encontraban condicionadas a petici\u00f3n del juez, por lo que con esta reforma, las v\u00edctimas dejar\u00e1n de estar desprotegidas temporalmente pues no se tendr\u00e1 que esperar a que el juez acuerde al respecto.<\/p>\n\n\n\n<p>Durante su intervenci\u00f3n, la autora de la iniciativa, diputada Rosalinda Galindo Silva, resalt\u00f3 que actualmente la atribuci\u00f3n del Ministerio P\u00fablico, para acordar medidas preventivas de protecci\u00f3n que le impone el C\u00f3digo Penal local, resulta limitada en comparaci\u00f3n con la atribuci\u00f3n que establece el C\u00f3digo Nacional de Procedimientos Penales, para ordenar en favor de las v\u00edctimas de violencia familiar.<\/p>\n\n\n\n<p>Asimismo, se\u00f1al\u00f3 que el C\u00f3digo Nacional de Procedimientos Penales, en el art\u00edculo 137 p\u00e1rrafo primero, otorga, entre otras atribuciones del Ministerio P\u00fablico, la atribuci\u00f3n de ordenar medidas de protecci\u00f3n id\u00f3neas, para salvaguardar la seguridad de las v\u00edctimas, por lo que la propuesta que hoy presenta la Comisi\u00f3n de Justicia armoniza el Art\u00edculo 154 Quater del C\u00f3digo Penal para el Estado, a la disposici\u00f3n Federal.<\/p>\n\n\n\n<p>El dictamen fue aprobado con 24 votos a favor, 7 en contra y 14 abstenciones.<\/p>\n","protected":false},"excerpt":{"rendered":"<p>#Destacamos La #LXVLegislatura aprob\u00f3 el dictamen por el que se reforma el art\u00edculo 154 Quater del #C\u00f3digoPenal de #Veracruz, que faculta al #MinisterioP\u00fablico a tener las medidas preventivas necesarias para salvaguardar la integridad f\u00edsica o ps\u00edquica de la #v\u00edctima de #ViolenciaFamiliar.<\/p>\n","protected":false},"author":5,"featured_media":47254,"comment_status":"closed","ping_status":"open","sticky":false,"template":"","format":"standard","meta":{"spay_email":"","footnotes":""},"categories":[37,8,50,52],"tags":[],"jetpack_featured_media_url":"https:\/\/i0.wp.com\/globalnewsmexico.com\/sitio\/wp-content\/uploads\/2020\/05\/c00a0765-c8d8-4c1d-a9bf-fa6773d5b538.jpg?fit=1040%2C693&ssl=1","jetpack_sharing_enabled":true,"jetpack_shortlink":"https:\/\/wp.me\/p9yqPL-ci9","jetpack_likes_enabled":true,"_links":{"self":[{"href":"https:\/\/globalnewsmexico.com\/sitio\/wp-json\/wp\/v2\/posts\/47253"}],"collection":[{"href":"https:\/\/globalnewsmexico.com\/sitio\/wp-json\/wp\/v2\/posts"}],"about":[{"href":"https:\/\/globalnewsmexico.com\/sitio\/wp-json\/wp\/v2\/types\/post"}],"author":[{"embeddable":true,"href":"https:\/\/globalnewsmexico.com\/sitio\/wp-json\/wp\/v2\/users\/5"}],"replies":[{"embeddable":true,"href":"https:\/\/globalnewsmexico.com\/sitio\/wp-json\/wp\/v2\/comments?post=47253"}],"version-history":[{"count":0,"href":"https:\/\/globalnewsmexico.com\/sitio\/wp-json\/wp\/v2\/posts\/47253\/revisions"}],"wp:featuredmedia":[{"embeddable":true,"href":"https:\/\/globalnewsmexico.com\/sitio\/wp-json\/wp\/v2\/media\/47254"}],"wp:attachment":[{"href":"https:\/\/globalnewsmexico.com\/sitio\/wp-json\/wp\/v2\/media?parent=47253"}],"wp:term":[{"taxonomy":"category","embeddable":true,"href":"https:\/\/globalnewsmexico.com\/sitio\/wp-json\/wp\/v2\/categories?post=47253"},{"taxonomy":"post_tag","embeddable":true,"href":"https:\/\/globalnewsmexico.com\/sitio\/wp-json\/wp\/v2\/tags?post=47253"}],"curies":[{"name":"wp","href":"https:\/\/api.w.org\/{rel}","templated":true}]}}