{"id":47296,"date":"2020-05-04T13:42:33","date_gmt":"2020-05-04T18:42:33","guid":{"rendered":"http:\/\/globalnewsmexico.com\/sitio\/?p=47296"},"modified":"2020-05-04T13:43:13","modified_gmt":"2020-05-04T18:43:13","slug":"nicolas-maduro-propone-a-la-oms-para-el-nobel-de-la-paz","status":"publish","type":"post","link":"https:\/\/globalnewsmexico.com\/sitio\/nicolas-maduro-propone-a-la-oms-para-el-nobel-de-la-paz\/","title":{"rendered":"Nicol\u00e1s Maduro propone a la OMS para el Nobel de la Paz"},"content":{"rendered":"\n<p>El presidente de Venezuela,\u00a0Nicol\u00e1s Maduro, propuso hoy al Movimiento de Pa\u00edses No Alineados (MPNOAL) que impulse la candidatura de la\u00a0Organizaci\u00f3n Mundial de la Salud\u00a0(OMS) para el premio Nobel de la Paz como \u00abreconocimiento y est\u00edmulo\u00bb ante la pandemia de\u00a0coronavirus.<\/p>\n\n\n\n<p>\u00abPropongo al MPNOAL (&#8230;) que postulemos a la OMS al premio Nobel de la Paz (&#8230;) para darle un reconocimiento y un est\u00edmulo en esta lucha contra el covid-19 que apenas comienza\u00bb, dijo durante su intervenci\u00f3n en la cumbre del MPNOAl.<\/p>\n\n\n\n<p>Maduro reivindic\u00f3 el papel de la OMS frente a quienes pretenden \u00abpolitizar\u00bb la pandemia \u00aben una guerra de &#8216;fake news'\u00bb que, seg\u00fan ha subrayado, constituye un ataque contra \u00abla \u00fanica organizaci\u00f3n multilateral que tiene la Humanidad en materia de salud p\u00fablica\u00bb.<\/p>\n\n\n\n<p>El mandatario venezolano no ha mencionado ning\u00fan pa\u00eds, pero ser\u00eda una acusaci\u00f3n velada a su hom\u00f3logo estadounidense,\u00a0Donald Trump, que ha cortado el financiamiento\u00a0a la OMS por considerar que se ha comportado de forma \u00abchinoc\u00e9ntrica\u00bb en la gesti\u00f3n de la\u00a0crisis\u00a0del\u00a0coronavirus.<\/p>\n\n\n\n<p>Fuente: Agencias<\/p>\n","protected":false},"excerpt":{"rendered":"<p>#Mundo El presidente de #Venezuela, #Nicol\u00e1sMaduro, propuso hoy al Movimiento de Pa\u00edses No Alineados (#MPNOAL) que impulse la candidatura de la Organizaci\u00f3n Mundial de la Salud (#OMS) para el premio #NobelDeLaPaz como \u00abreconocimiento y est\u00edmulo\u00bb ante la pandemia de #coronavirus.<\/p>\n","protected":false},"author":5,"featured_media":47297,"comment_status":"closed","ping_status":"open","sticky":false,"template":"","format":"standard","meta":{"spay_email":"","footnotes":""},"categories":[37,8,48,52],"tags":[],"jetpack_featured_media_url":"https:\/\/i1.wp.com\/globalnewsmexico.com\/sitio\/wp-content\/uploads\/2020\/05\/OMS.jpg?fit=1040%2C585&ssl=1","jetpack_sharing_enabled":true,"jetpack_shortlink":"https:\/\/wp.me\/p9yqPL-ciQ","jetpack_likes_enabled":true,"_links":{"self":[{"href":"https:\/\/globalnewsmexico.com\/sitio\/wp-json\/wp\/v2\/posts\/47296"}],"collection":[{"href":"https:\/\/globalnewsmexico.com\/sitio\/wp-json\/wp\/v2\/posts"}],"about":[{"href":"https:\/\/globalnewsmexico.com\/sitio\/wp-json\/wp\/v2\/types\/post"}],"author":[{"embeddable":true,"href":"https:\/\/globalnewsmexico.com\/sitio\/wp-json\/wp\/v2\/users\/5"}],"replies":[{"embeddable":true,"href":"https:\/\/globalnewsmexico.com\/sitio\/wp-json\/wp\/v2\/comments?post=47296"}],"version-history":[{"count":0,"href":"https:\/\/globalnewsmexico.com\/sitio\/wp-json\/wp\/v2\/posts\/47296\/revisions"}],"wp:featuredmedia":[{"embeddable":true,"href":"https:\/\/globalnewsmexico.com\/sitio\/wp-json\/wp\/v2\/media\/47297"}],"wp:attachment":[{"href":"https:\/\/globalnewsmexico.com\/sitio\/wp-json\/wp\/v2\/media?parent=47296"}],"wp:term":[{"taxonomy":"category","embeddable":true,"href":"https:\/\/globalnewsmexico.com\/sitio\/wp-json\/wp\/v2\/categories?post=47296"},{"taxonomy":"post_tag","embeddable":true,"href":"https:\/\/globalnewsmexico.com\/sitio\/wp-json\/wp\/v2\/tags?post=47296"}],"curies":[{"name":"wp","href":"https:\/\/api.w.org\/{rel}","templated":true}]}}