{"id":47330,"date":"2020-05-05T10:40:53","date_gmt":"2020-05-05T15:40:53","guid":{"rendered":"http:\/\/globalnewsmexico.com\/sitio\/?p=47330"},"modified":"2020-05-05T10:41:12","modified_gmt":"2020-05-05T15:41:12","slug":"investigacion-en-ee-uu-es-contra-garcia-luna-no-contra-calderon-amlo","status":"publish","type":"post","link":"https:\/\/globalnewsmexico.com\/sitio\/investigacion-en-ee-uu-es-contra-garcia-luna-no-contra-calderon-amlo\/","title":{"rendered":"Investigaci\u00f3n en EE. UU. es contra Garc\u00eda Luna, no contra Calder\u00f3n: AMLO"},"content":{"rendered":"\n<p>El presidente Andr\u00e9s Manuel L\u00f3pez Obrador expuso que el expresidente Felipe Calder\u00f3n ser\u00e1 juzgado e investigado por su gobierno, solo si la gente lo pide por medio de una consulta popular.<\/p>\n\n\n\n<p>\u00abAbrir nosotros una investigaci\u00f3n en contra de Felipe Calder\u00f3n tendr\u00eda que ser a partir de una consulta ciudadana, no solo para su caso, que se le pregunte a la gente sobre abrir juicios a los expresidentes del periodo neoliberal, de Salinas a Pe\u00f1a\u201c, indic\u00f3 el tabasque\u00f1o.<\/p>\n\n\n\n<p>El primer mandatario expuso que en Estados Unidos se investiga \u00fanicamente a Genaro Garc\u00eda Luna, quien fuera secretario de Seguridad en el sexenio Calder\u00f3n; adem\u00e1s, se\u00f1al\u00f3 que el expresidente ser\u00e1 llamado a rendir cuentas solo si su nombre estuviera implicado en la investigaci\u00f3n en el pa\u00eds del norte.<\/p>\n\n\n\n<p>\u00abHay una investigaci\u00f3n en Estados Unidos, seg\u00fan sabemos no es en contra del expresidente Felipe Calder\u00f3n, el que est\u00e1 detenido es el secretario de Seguridad P\u00fablica en el gobierno de Calder\u00f3n\u00bb, indic\u00f3 L\u00f3pez Obrador.<\/p>\n\n\n\n<p>Fuente: El Sol de M\u00e9xico<\/p>\n","protected":false},"excerpt":{"rendered":"<p>#Destacamos El presidente #Andr\u00e9sManuelL\u00f3pezObrador se\u00f1al\u00f3 que en #EstadosUnidos se investiga \u00fanicamente a #GenaroGarc\u00edaLuna, y dijo que #FelipeCalder\u00f3n ser\u00e1 llamado a rendir cuentas solo si su nombre estuviera implicado en la investigaci\u00f3n.<\/p>\n","protected":false},"author":5,"featured_media":47331,"comment_status":"closed","ping_status":"open","sticky":false,"template":"","format":"standard","meta":{"spay_email":"","footnotes":""},"categories":[37,8,40,52],"tags":[],"jetpack_featured_media_url":"https:\/\/i0.wp.com\/globalnewsmexico.com\/sitio\/wp-content\/uploads\/2020\/05\/Carta-calder\u00f3n-amlo.jpg?fit=1040%2C648&ssl=1","jetpack_sharing_enabled":true,"jetpack_shortlink":"https:\/\/wp.me\/p9yqPL-cjo","jetpack_likes_enabled":true,"_links":{"self":[{"href":"https:\/\/globalnewsmexico.com\/sitio\/wp-json\/wp\/v2\/posts\/47330"}],"collection":[{"href":"https:\/\/globalnewsmexico.com\/sitio\/wp-json\/wp\/v2\/posts"}],"about":[{"href":"https:\/\/globalnewsmexico.com\/sitio\/wp-json\/wp\/v2\/types\/post"}],"author":[{"embeddable":true,"href":"https:\/\/globalnewsmexico.com\/sitio\/wp-json\/wp\/v2\/users\/5"}],"replies":[{"embeddable":true,"href":"https:\/\/globalnewsmexico.com\/sitio\/wp-json\/wp\/v2\/comments?post=47330"}],"version-history":[{"count":0,"href":"https:\/\/globalnewsmexico.com\/sitio\/wp-json\/wp\/v2\/posts\/47330\/revisions"}],"wp:featuredmedia":[{"embeddable":true,"href":"https:\/\/globalnewsmexico.com\/sitio\/wp-json\/wp\/v2\/media\/47331"}],"wp:attachment":[{"href":"https:\/\/globalnewsmexico.com\/sitio\/wp-json\/wp\/v2\/media?parent=47330"}],"wp:term":[{"taxonomy":"category","embeddable":true,"href":"https:\/\/globalnewsmexico.com\/sitio\/wp-json\/wp\/v2\/categories?post=47330"},{"taxonomy":"post_tag","embeddable":true,"href":"https:\/\/globalnewsmexico.com\/sitio\/wp-json\/wp\/v2\/tags?post=47330"}],"curies":[{"name":"wp","href":"https:\/\/api.w.org\/{rel}","templated":true}]}}