{"id":47334,"date":"2020-05-05T11:10:01","date_gmt":"2020-05-05T16:10:01","guid":{"rendered":"http:\/\/globalnewsmexico.com\/sitio\/?p=47334"},"modified":"2020-05-05T11:10:11","modified_gmt":"2020-05-05T16:10:11","slug":"se-dispersaran-100-mil-mdp-cada-mes-para-programas-sociales-anuncia-amlo","status":"publish","type":"post","link":"https:\/\/globalnewsmexico.com\/sitio\/se-dispersaran-100-mil-mdp-cada-mes-para-programas-sociales-anuncia-amlo\/","title":{"rendered":"Se dispersar\u00e1n 100 mil mdp cada mes para programas sociales, anuncia AMLO"},"content":{"rendered":"\n<p>El presidente Andr\u00e9s Manuel L\u00f3pez Obrador dijo que se&nbsp;dispersar\u00e1n 100 mil millones de pesos mensuales, en promedio, tanto en cr\u00e9ditos como en apoyos para los m\u00e1s pobres.<\/p>\n\n\n\n<p>\u00abLes puedo mandar a decir que vamos nosotros a hacer lo propio, cada mes, en promedio, 100 mil millones de pesos se van a dispersar\u00bb, apunt\u00f3.<\/p>\n\n\n\n<p>En este sentido, reconoci\u00f3 a los connacionales que trabajan en Estados Unidos y que han incrementado el monto de env\u00edo de remesas a M\u00e9xico, hasta alcanzar los 4 mil millones de d\u00f3lares en marzo.<\/p>\n\n\n\n<p>\u00abEnviaron nuestros paisanos a sus familiares casi 100 mil millones de pesos, en marzo, alrededor de 10 millones de env\u00edos, 380 d\u00f3lares en promedio, por env\u00edo, 9 mil pesos por env\u00edo para 10 millones de beneficiarios, destinatarios de esos recursos\u00bb, se\u00f1al\u00f3.<\/p>\n\n\n\n<p>Fuente: Xeu Noticias<\/p>\n","protected":false},"excerpt":{"rendered":"<p>#Nacional El presidente #Andr\u00e9sManuelL\u00f3pezObrador dijo que se dispersar\u00e1n 100 mil millones de pesos mensuales, en promedio, tanto en #cr\u00e9ditos como en #apoyos para los m\u00e1s pobres.<\/p>\n","protected":false},"author":5,"featured_media":47335,"comment_status":"closed","ping_status":"open","sticky":false,"template":"","format":"standard","meta":{"spay_email":"","footnotes":""},"categories":[37,8,40,52],"tags":[],"jetpack_featured_media_url":"https:\/\/i0.wp.com\/globalnewsmexico.com\/sitio\/wp-content\/uploads\/2020\/05\/amlo-programas-sociales.jpg?fit=1040%2C649&ssl=1","jetpack_sharing_enabled":true,"jetpack_shortlink":"https:\/\/wp.me\/p9yqPL-cjs","jetpack_likes_enabled":true,"_links":{"self":[{"href":"https:\/\/globalnewsmexico.com\/sitio\/wp-json\/wp\/v2\/posts\/47334"}],"collection":[{"href":"https:\/\/globalnewsmexico.com\/sitio\/wp-json\/wp\/v2\/posts"}],"about":[{"href":"https:\/\/globalnewsmexico.com\/sitio\/wp-json\/wp\/v2\/types\/post"}],"author":[{"embeddable":true,"href":"https:\/\/globalnewsmexico.com\/sitio\/wp-json\/wp\/v2\/users\/5"}],"replies":[{"embeddable":true,"href":"https:\/\/globalnewsmexico.com\/sitio\/wp-json\/wp\/v2\/comments?post=47334"}],"version-history":[{"count":0,"href":"https:\/\/globalnewsmexico.com\/sitio\/wp-json\/wp\/v2\/posts\/47334\/revisions"}],"wp:featuredmedia":[{"embeddable":true,"href":"https:\/\/globalnewsmexico.com\/sitio\/wp-json\/wp\/v2\/media\/47335"}],"wp:attachment":[{"href":"https:\/\/globalnewsmexico.com\/sitio\/wp-json\/wp\/v2\/media?parent=47334"}],"wp:term":[{"taxonomy":"category","embeddable":true,"href":"https:\/\/globalnewsmexico.com\/sitio\/wp-json\/wp\/v2\/categories?post=47334"},{"taxonomy":"post_tag","embeddable":true,"href":"https:\/\/globalnewsmexico.com\/sitio\/wp-json\/wp\/v2\/tags?post=47334"}],"curies":[{"name":"wp","href":"https:\/\/api.w.org\/{rel}","templated":true}]}}