{"id":47343,"date":"2020-05-05T12:01:28","date_gmt":"2020-05-05T17:01:28","guid":{"rendered":"http:\/\/globalnewsmexico.com\/sitio\/?p=47343"},"modified":"2020-05-05T12:02:26","modified_gmt":"2020-05-05T17:02:26","slug":"amlo-analiza-proponer-reforma-migratoria-a-trump","status":"publish","type":"post","link":"https:\/\/globalnewsmexico.com\/sitio\/amlo-analiza-proponer-reforma-migratoria-a-trump\/","title":{"rendered":"AMLO analiza proponer reforma migratoria a Trump"},"content":{"rendered":"\n<p>El presidente\u00a0Andr\u00e9s Manuel L\u00f3pez Obrador\u00a0abri\u00f3 la posibilidad de plantear una reforma migratoria a su hom\u00f3logo de Estados Unidos,\u00a0Donald Trump, con la finalidad de\u00a0regularizar a los mexicanos\u00a0que radican en ese pa\u00eds sin documentos legales.<\/p>\n\n\n\n<p>Durante su conferencia ma\u00f1anera\u00a0 acept\u00f3 que este tema se tratar\u00eda durante su posible pr\u00f3xima visita a Estados Unidos, que planea para julio, para agradecer el apoyo de ese pa\u00eds durante la epidemia de Covid-19\u00a0y el desplome de los precios del petr\u00f3leo.<\/p>\n\n\n\n<p>\u201cLo del encuentro va a depender de la agenda del presidente Trump, nosotros se lo propusimos y ellos van a decidir, esto tendr\u00eda que ser en julio, de darse el encuentro, con el tema del inicio del tratado, ese ser\u00eda el tema central&#8230; lo de la solicitud de tratar el tema de la regularizaci\u00f3n de nuestros paisanos migrantes, desde luego que lo tratar\u00edamos, vamos a ver bajo qu\u00e9 condiciones podr\u00eda presentarse, qu\u00e9 es lo m\u00e1s conveniente plantear\u201d, afirm\u00f3.<\/p>\n\n\n\n<p>Adem\u00e1s,\u00a0L\u00f3pez Obrador\u00a0coment\u00f3 que como existe una buena relaci\u00f3n con el presidente de Estados Unidos, est\u00e1n en la posibilidad de hablar sobre la protecci\u00f3n de la salud de los migrantes mexicanos en ese pa\u00eds.<\/p>\n\n\n\n<p>Sin embargo, reconoci\u00f3 que los gobiernos locales de los estados norteamericanos han apoyado a la poblaci\u00f3n migrante.<\/p>\n\n\n\n<p>\u201cEs algo pendiente, nosotros que no nos metemos en pol\u00edtica electoral ni interna de otro pa\u00eds, pero si se trata de la defensa de nuestros paisanos hacemos el planteamiento abierto y formalmente se lo har\u00edamos al presidente Trump, que repito, ha sido muy respetuoso con nosotros\u201d, agreg\u00f3.<\/p>\n\n\n\n<p>Fuente: Milenio<\/p>\n","protected":false},"excerpt":{"rendered":"<p>#Ent\u00e9rate El presidente #Andr\u00e9sManuelL\u00f3pezObrador abri\u00f3 la posibilidad de plantear una #ReformaMigratoria a su hom\u00f3logo de #EstadosUnidos, #DonaldTrump, con la finalidad de regularizar a los mexicanos que radican en ese pa\u00eds sin documentos legales.<\/p>\n","protected":false},"author":5,"featured_media":47344,"comment_status":"closed","ping_status":"open","sticky":false,"template":"","format":"standard","meta":{"spay_email":"","footnotes":""},"categories":[37,8,40,52],"tags":[],"jetpack_featured_media_url":"https:\/\/i2.wp.com\/globalnewsmexico.com\/sitio\/wp-content\/uploads\/2020\/05\/lopez-obrador-reune-trump-agradecer_0_42_958_596.jpeg?fit=1040%2C647&ssl=1","jetpack_sharing_enabled":true,"jetpack_shortlink":"https:\/\/wp.me\/p9yqPL-cjB","jetpack_likes_enabled":true,"_links":{"self":[{"href":"https:\/\/globalnewsmexico.com\/sitio\/wp-json\/wp\/v2\/posts\/47343"}],"collection":[{"href":"https:\/\/globalnewsmexico.com\/sitio\/wp-json\/wp\/v2\/posts"}],"about":[{"href":"https:\/\/globalnewsmexico.com\/sitio\/wp-json\/wp\/v2\/types\/post"}],"author":[{"embeddable":true,"href":"https:\/\/globalnewsmexico.com\/sitio\/wp-json\/wp\/v2\/users\/5"}],"replies":[{"embeddable":true,"href":"https:\/\/globalnewsmexico.com\/sitio\/wp-json\/wp\/v2\/comments?post=47343"}],"version-history":[{"count":0,"href":"https:\/\/globalnewsmexico.com\/sitio\/wp-json\/wp\/v2\/posts\/47343\/revisions"}],"wp:featuredmedia":[{"embeddable":true,"href":"https:\/\/globalnewsmexico.com\/sitio\/wp-json\/wp\/v2\/media\/47344"}],"wp:attachment":[{"href":"https:\/\/globalnewsmexico.com\/sitio\/wp-json\/wp\/v2\/media?parent=47343"}],"wp:term":[{"taxonomy":"category","embeddable":true,"href":"https:\/\/globalnewsmexico.com\/sitio\/wp-json\/wp\/v2\/categories?post=47343"},{"taxonomy":"post_tag","embeddable":true,"href":"https:\/\/globalnewsmexico.com\/sitio\/wp-json\/wp\/v2\/tags?post=47343"}],"curies":[{"name":"wp","href":"https:\/\/api.w.org\/{rel}","templated":true}]}}