{"id":47552,"date":"2020-05-09T14:13:19","date_gmt":"2020-05-09T19:13:19","guid":{"rendered":"http:\/\/globalnewsmexico.com\/sitio\/?p=47552"},"modified":"2020-05-09T14:13:27","modified_gmt":"2020-05-09T19:13:27","slug":"el-empresario-no-es-el-enemigo-concamin-a-amlo","status":"publish","type":"post","link":"https:\/\/globalnewsmexico.com\/sitio\/el-empresario-no-es-el-enemigo-concamin-a-amlo\/","title":{"rendered":"El empresario no es el enemigo: Concamin a AMLO"},"content":{"rendered":"\n<p>L\u00edderes del sector privado coincidieron en que, ante los tiempos dif\u00edciles que se viven en el pa\u00eds por la pandemia de Covid-19, los empresarios no deben verse como un enemigo del Gobierno y tiene que prevalecer la unidad para sacar adelante la econom\u00eda nacional y as\u00ed evitar un mayor deterioro en los pr\u00f3ximos meses.<\/p>\n\n\n\n<p>Lo anterior lo expuso el presidente de la Confederaci\u00f3n de C\u00e1maras Industriales (Concamin), Francisco Cervantes D\u00edaz, durante la videoconferencia \u201cCuarto Informe Semanal COVID-Industrial\u201d, que se realiz\u00f3 el 7 mayo.<\/p>\n\n\n\n<p>Sostuvo que no se busca alg\u00fan enfrentamiento con las autoridades, y que lo \u00fanico que se solicita es que la industria se tomada en cuenta, de manera que \u00e9sta pueda trabajar y as\u00ed generar empleos.<\/p>\n\n\n\n<p>Por su parte, Pa\u00fal Ricard, presidente de la Comisi\u00f3n de Comercio Interior de Concamin, mencion\u00f3 en su intervenci\u00f3n que el sector est\u00e1 confundido con el discurso del presidente Andr\u00e9s Manuel L\u00f3pez Obrador, cuando insiste en que no habr\u00e1 rescates para potentados, y si hay quiebre de una empresa, pues que sea el empresario el que asuma la responsabilidad.<\/p>\n\n\n\n<p>Tambi\u00e9n revel\u00f3 que debido a las medidas de confinamiento y el paro de actividades \u201cno esenciales\u201d que siguen en mayo, al menos seis de cada 10 empresas han visto un deterioro en sus ventas por arriba del 51 por ciento, mientras que cinco de cada 10 empresas ya redujo su personal, y el 58 por ciento reporta disminuci\u00f3n en tr\u00e1mites de cobranza.<\/p>\n\n\n\n<p>El vicepresidente de la Concamin, Alejandro Mondrag\u00f3n, sentenci\u00f3 que sin crecimiento econ\u00f3mico se podr\u00eda quebrar el tejido social del pa\u00eds.<\/p>\n\n\n\n<p>\u201cNo perdamos de vista que el 95% de las empresas son peque\u00f1as y medianas entonces el decir: que quiebren, que los grandes. Yo creo que volvamos y pongamos el foco al crecimiento econ\u00f3mico a trav\u00e9s de la inversi\u00f3n\u201d, apunt\u00f3.<\/p>\n\n\n\n<p>Fuente: Infobae<\/p>\n","protected":false},"excerpt":{"rendered":"<p>#Destacamos L\u00edderes del sector privado coincidieron en que, ante los tiempos dif\u00edciles que se viven en el pa\u00eds por la pandemia de #Covid19, los #empresarios no deben verse como un #enemigo del #Gobierno y tiene que prevalecer la unidad para sacar adelante la #econom\u00eda nacional.<\/p>\n","protected":false},"author":5,"featured_media":47553,"comment_status":"closed","ping_status":"open","sticky":false,"template":"","format":"standard","meta":{"spay_email":"","footnotes":""},"categories":[37,8,40,52],"tags":[],"jetpack_featured_media_url":"https:\/\/i1.wp.com\/globalnewsmexico.com\/sitio\/wp-content\/uploads\/2020\/05\/1100098.jpg?fit=1024%2C683&ssl=1","jetpack_sharing_enabled":true,"jetpack_shortlink":"https:\/\/wp.me\/p9yqPL-cmY","jetpack_likes_enabled":true,"_links":{"self":[{"href":"https:\/\/globalnewsmexico.com\/sitio\/wp-json\/wp\/v2\/posts\/47552"}],"collection":[{"href":"https:\/\/globalnewsmexico.com\/sitio\/wp-json\/wp\/v2\/posts"}],"about":[{"href":"https:\/\/globalnewsmexico.com\/sitio\/wp-json\/wp\/v2\/types\/post"}],"author":[{"embeddable":true,"href":"https:\/\/globalnewsmexico.com\/sitio\/wp-json\/wp\/v2\/users\/5"}],"replies":[{"embeddable":true,"href":"https:\/\/globalnewsmexico.com\/sitio\/wp-json\/wp\/v2\/comments?post=47552"}],"version-history":[{"count":0,"href":"https:\/\/globalnewsmexico.com\/sitio\/wp-json\/wp\/v2\/posts\/47552\/revisions"}],"wp:featuredmedia":[{"embeddable":true,"href":"https:\/\/globalnewsmexico.com\/sitio\/wp-json\/wp\/v2\/media\/47553"}],"wp:attachment":[{"href":"https:\/\/globalnewsmexico.com\/sitio\/wp-json\/wp\/v2\/media?parent=47552"}],"wp:term":[{"taxonomy":"category","embeddable":true,"href":"https:\/\/globalnewsmexico.com\/sitio\/wp-json\/wp\/v2\/categories?post=47552"},{"taxonomy":"post_tag","embeddable":true,"href":"https:\/\/globalnewsmexico.com\/sitio\/wp-json\/wp\/v2\/tags?post=47552"}],"curies":[{"name":"wp","href":"https:\/\/api.w.org\/{rel}","templated":true}]}}