{"id":47613,"date":"2020-05-11T19:20:57","date_gmt":"2020-05-12T00:20:57","guid":{"rendered":"http:\/\/globalnewsmexico.com\/sitio\/?p=47613"},"modified":"2020-05-11T19:21:05","modified_gmt":"2020-05-12T00:21:05","slug":"los-privilegios-se-acaban-pero-serenense-pide-morena-a-oposicion","status":"publish","type":"post","link":"https:\/\/globalnewsmexico.com\/sitio\/los-privilegios-se-acaban-pero-serenense-pide-morena-a-oposicion\/","title":{"rendered":"Los privilegios se acaban, pero ser\u00e9nense, pide Morena a oposici\u00f3n"},"content":{"rendered":"\n<p>Una dosis de amlodipino recomend\u00f3 el representante de Morena ante el Organismo P\u00fablico Local Electoral (OPLE), Gabriel Z\u00fa\u00f1iga Obrando, a los partidos de oposici\u00f3n, a unas horas de que en el Congreso de Veracruz se discuta la reforma a la Constituci\u00f3n local que derivar\u00eda, entre otras cosas, en la reducci\u00f3n de las prerrogativas a los institutos pol\u00edticos.<\/p>\n\n\n\n<p>En entrevista, dijo que los dirigentes estatales de los partidos Acci\u00f3n Nacional, Revolucionario Institucional y De la Revoluci\u00f3n Democr\u00e1tica, Joaqu\u00edn Rosendo Guzm\u00e1n Avil\u00e9s, Marlon Eduardo Ram\u00edrez Mar\u00edn y Jes\u00fas Alberto Vel\u00e1zquez Flores, respectivamente, \u201candan muy nerviosos porque se les est\u00e1n acabando los privilegios y ya no van a poder manejar las prerrogativas a discreci\u00f3n. No les ha ca\u00eddo el veinte de que los tiempos ya cambiaron\u201d.<\/p>\n\n\n\n<p>Respecto de la iniciativa de decreto presentada por el Grupo Legislativo de Morena el pasado 2 de mayo, precis\u00f3 que la intenci\u00f3n es reducir los montos que se da a los partidos porque son excesivos. \u201cNosotros (Morena) ya devolvimos una parte al INE y vamos a devolver tambi\u00e9n una parte al OPLE. Estamos revisando los mecanismos para hacerlo\u201d.<\/p>\n\n\n\n<p>Al recordar que los tres partidos de oposici\u00f3n tienen representaci\u00f3n en el Congreso y podr\u00e1n, mediante un debate p\u00fablico, discutir la iniciativa, aclar\u00f3 que el tema se dirimir\u00e1 en el Pleno, no en el OPLE. \u201cNo habr\u00e1 madruguete legislativo\u201d, aclar\u00f3, e invit\u00f3 a los l\u00edderes de los partidos a ser respetuosos del proceso legislativo que implica a los representantes populares y a los ayuntamientos.<\/p>\n\n\n\n<p>Gabriel Z\u00fa\u00f1iga explic\u00f3 que \u201cel nuestro pertenece al modelo constitucional r\u00edgido, por lo que, al tratarse de una reforma constitucional, se necesita el voto de las dos terceras partes del Congreso. Y adem\u00e1s hay que recordar que Morena s\u00f3lo gobierna en 17 municipios de Veracruz que, si consideran que esa reforma es necesaria, fundamental, indispensable e id\u00f3nea, actuar\u00e1n con responsabilidad\u201d.<\/p>\n\n\n\n<p>A la petici\u00f3n de los l\u00edderes nacionales y estatales de oposici\u00f3n de dar prioridad al tema del Coronavirus \u2013a\u00f1adi\u00f3-, Morena propone que los recursos que se retire a los partidos se destinen a enfrentar los efectos de la pandemia.<\/p>\n\n\n\n<p>Otro tema que ha causado pol\u00e9mica es el relacionado con la estructura distrital con miras a los comicios del pr\u00f3ximo a\u00f1o. El representante de Morena aclar\u00f3 que, al tratarse de una elecci\u00f3n concurrente (diputados locales y federales y ayuntamientos), tanto el OPLE como el INE operar\u00e1n consejos distritales estatales y federales respectivamente.<\/p>\n\n\n\n<p>El tambi\u00e9n catedr\u00e1tico universitario les hizo una invitaci\u00f3n a los dirigentes de los partidos de oposici\u00f3n: \u201cCon mucho gusto los espero todos los s\u00e1bados en Derecho Constitucional I. O en Sim\u00f3n Bol\u00edvar 70 hacemos una reuni\u00f3n y les explicamos todo paso a paso. Porque no han le\u00eddo la iniciativa y sus asesores no les han explicado bien, cobran mucho y no hacen su chamba\u201d.<\/p>\n\n\n\n<p>Finalmente, dijo confiar en que los integrantes de la bancada de Morena har\u00e1n \u201cun trabajo formal e id\u00f3neo, manteniendo siempre como inter\u00e9s supremo el bienestar y el progreso de Veracruz. Estoy seguro de que esta reforma va a dar un nuevo sentido a la vida democr\u00e1tica de Veracruz\u201d.<\/p>\n\n\n\n<p><\/p>\n","protected":false},"excerpt":{"rendered":"<p>#Estado Una dosis de amlodipino recomend\u00f3 el representante de #Morena ante el #OPLE, Gabriel Z\u00fa\u00f1iga Obrando, a los #partidos de #oposici\u00f3n, a unas horas de que en el #Congreso de #Veracruz se discuta la reforma a la #Constituci\u00f3n local que derivar\u00eda, entre otras cosas, en la reducci\u00f3n de las #prerrogativas a los institutos pol\u00edticos.<\/p>\n","protected":false},"author":5,"featured_media":47614,"comment_status":"closed","ping_status":"open","sticky":false,"template":"","format":"standard","meta":{"spay_email":"","footnotes":""},"categories":[37,8,50,52],"tags":[],"jetpack_featured_media_url":"https:\/\/i2.wp.com\/globalnewsmexico.com\/sitio\/wp-content\/uploads\/2020\/05\/66b5032f-1d82-4774-b72d-cba4dbced8d7.jpg?fit=1040%2C693&ssl=1","jetpack_sharing_enabled":true,"jetpack_shortlink":"https:\/\/wp.me\/p9yqPL-cnX","jetpack_likes_enabled":true,"_links":{"self":[{"href":"https:\/\/globalnewsmexico.com\/sitio\/wp-json\/wp\/v2\/posts\/47613"}],"collection":[{"href":"https:\/\/globalnewsmexico.com\/sitio\/wp-json\/wp\/v2\/posts"}],"about":[{"href":"https:\/\/globalnewsmexico.com\/sitio\/wp-json\/wp\/v2\/types\/post"}],"author":[{"embeddable":true,"href":"https:\/\/globalnewsmexico.com\/sitio\/wp-json\/wp\/v2\/users\/5"}],"replies":[{"embeddable":true,"href":"https:\/\/globalnewsmexico.com\/sitio\/wp-json\/wp\/v2\/comments?post=47613"}],"version-history":[{"count":0,"href":"https:\/\/globalnewsmexico.com\/sitio\/wp-json\/wp\/v2\/posts\/47613\/revisions"}],"wp:featuredmedia":[{"embeddable":true,"href":"https:\/\/globalnewsmexico.com\/sitio\/wp-json\/wp\/v2\/media\/47614"}],"wp:attachment":[{"href":"https:\/\/globalnewsmexico.com\/sitio\/wp-json\/wp\/v2\/media?parent=47613"}],"wp:term":[{"taxonomy":"category","embeddable":true,"href":"https:\/\/globalnewsmexico.com\/sitio\/wp-json\/wp\/v2\/categories?post=47613"},{"taxonomy":"post_tag","embeddable":true,"href":"https:\/\/globalnewsmexico.com\/sitio\/wp-json\/wp\/v2\/tags?post=47613"}],"curies":[{"name":"wp","href":"https:\/\/api.w.org\/{rel}","templated":true}]}}