{"id":47728,"date":"2020-05-13T15:28:27","date_gmt":"2020-05-13T20:28:27","guid":{"rendered":"http:\/\/globalnewsmexico.com\/sitio\/?p=47728"},"modified":"2020-05-13T15:28:42","modified_gmt":"2020-05-13T20:28:42","slug":"ejecutan-a-lider-canero-en-tezonapa-veracruz","status":"publish","type":"post","link":"https:\/\/globalnewsmexico.com\/sitio\/ejecutan-a-lider-canero-en-tezonapa-veracruz\/","title":{"rendered":"Ejecutan a l\u00edder ca\u00f1ero en Tezonapa, Veracruz"},"content":{"rendered":"\n<p>El l\u00edder ca\u00f1ero, Alejandro Huerta, fue asesinado a balazos esta tarde en Tezonapa, Veracruz.<\/p>\n\n\n\n<p>De acuerdo con los primeros reportes, el l\u00edder fue interceptado por sujetos, que atacaron a disparos el veh\u00edculo en el que viajaba.<\/p>\n\n\n\n<p>En el autom\u00f3vil tambi\u00e9n viajaba un joven que\u00a0recibi\u00f3 impactos por arma de fuego y muri\u00f3 en el lugar.<\/p>\n\n\n\n<p>El l\u00edder ca\u00f1ero fue llevado a un hospital; sin embargo, m\u00e1s tarde perdi\u00f3 la vida.<\/p>\n\n\n\n<p>Fuente: Xeu Noticias<\/p>\n","protected":false},"excerpt":{"rendered":"<p>#Local El l\u00edder ca\u00f1ero, #AlejandroHuerta, fue #asesinado a #balazos esta tarde en #Tezonapa, #Veracruz.<\/p>\n","protected":false},"author":5,"featured_media":47729,"comment_status":"closed","ping_status":"open","sticky":false,"template":"","format":"standard","meta":{"spay_email":"","footnotes":""},"categories":[37,8,50,52],"tags":[],"jetpack_featured_media_url":"https:\/\/i2.wp.com\/globalnewsmexico.com\/sitio\/wp-content\/uploads\/2020\/05\/1100792.jpg?fit=1024%2C683&ssl=1","jetpack_sharing_enabled":true,"jetpack_shortlink":"https:\/\/wp.me\/p9yqPL-cpO","jetpack_likes_enabled":true,"_links":{"self":[{"href":"https:\/\/globalnewsmexico.com\/sitio\/wp-json\/wp\/v2\/posts\/47728"}],"collection":[{"href":"https:\/\/globalnewsmexico.com\/sitio\/wp-json\/wp\/v2\/posts"}],"about":[{"href":"https:\/\/globalnewsmexico.com\/sitio\/wp-json\/wp\/v2\/types\/post"}],"author":[{"embeddable":true,"href":"https:\/\/globalnewsmexico.com\/sitio\/wp-json\/wp\/v2\/users\/5"}],"replies":[{"embeddable":true,"href":"https:\/\/globalnewsmexico.com\/sitio\/wp-json\/wp\/v2\/comments?post=47728"}],"version-history":[{"count":0,"href":"https:\/\/globalnewsmexico.com\/sitio\/wp-json\/wp\/v2\/posts\/47728\/revisions"}],"wp:featuredmedia":[{"embeddable":true,"href":"https:\/\/globalnewsmexico.com\/sitio\/wp-json\/wp\/v2\/media\/47729"}],"wp:attachment":[{"href":"https:\/\/globalnewsmexico.com\/sitio\/wp-json\/wp\/v2\/media?parent=47728"}],"wp:term":[{"taxonomy":"category","embeddable":true,"href":"https:\/\/globalnewsmexico.com\/sitio\/wp-json\/wp\/v2\/categories?post=47728"},{"taxonomy":"post_tag","embeddable":true,"href":"https:\/\/globalnewsmexico.com\/sitio\/wp-json\/wp\/v2\/tags?post=47728"}],"curies":[{"name":"wp","href":"https:\/\/api.w.org\/{rel}","templated":true}]}}