{"id":47804,"date":"2020-05-15T10:52:02","date_gmt":"2020-05-15T15:52:02","guid":{"rendered":"http:\/\/globalnewsmexico.com\/sitio\/?p=47804"},"modified":"2020-05-15T10:52:08","modified_gmt":"2020-05-15T15:52:08","slug":"avisaremos-con-oportunidad-fechas-del-calendario-escolar-pendientes-sep","status":"publish","type":"post","link":"https:\/\/globalnewsmexico.com\/sitio\/avisaremos-con-oportunidad-fechas-del-calendario-escolar-pendientes-sep\/","title":{"rendered":"Avisaremos con oportunidad fechas del calendario escolar pendientes: SEP"},"content":{"rendered":"\n<p>El secretario de Educaci\u00f3n, Esteban Moctezuma, dijo que se avisar\u00e1 con tiempo las fechas del calendario escolar que est\u00e1n pendientes debido al Covid-19.<\/p>\n\n\n\n<p>En conferencia de prensa, coment\u00f3: \u00abcon toda oportunidad vamos a avisar las fechas del calendario escolar que est\u00e1n pendientes\u00bb.<\/p>\n\n\n\n<p>En este sentido, el subsecretario dijo que \u00abtenemos los ex\u00e1menes o los procesos de ingresos al magisterio, el paso de la secundaria a\u00a0la preparatoria, de la preparatoria a la universidad, lo que nosotros estamos obligados y\u00a0lo hemos informado, es a seguir las recomendaciones del Consejo de Salubridad General y podemos convocar en funci\u00f3n de que la gente ya pueda a salir en presentar sus ex\u00e1menes, que se acordar\u00e1 con la autoridad de Salud las fechas para poder realizar los ex\u00e1menes pendientes\u00bb.<\/p>\n\n\n\n<p>Fuente: Xeu Noticias<\/p>\n","protected":false},"excerpt":{"rendered":"<p>#Ent\u00e9rate El secretario de #Educaci\u00f3n, #EstebanMoctezuma, dijo que se avisar\u00e1 con tiempo las fechas del #CalendarioEscolar que est\u00e1n pendientes debido a la #contingencia por #Covid19.<\/p>\n","protected":false},"author":5,"featured_media":47805,"comment_status":"closed","ping_status":"open","sticky":false,"template":"","format":"standard","meta":{"spay_email":"","footnotes":""},"categories":[37,8,40,52],"tags":[],"jetpack_featured_media_url":"https:\/\/i2.wp.com\/globalnewsmexico.com\/sitio\/wp-content\/uploads\/2020\/05\/1101098.jpg?fit=1040%2C692&ssl=1","jetpack_sharing_enabled":true,"jetpack_shortlink":"https:\/\/wp.me\/p9yqPL-cr2","jetpack_likes_enabled":true,"_links":{"self":[{"href":"https:\/\/globalnewsmexico.com\/sitio\/wp-json\/wp\/v2\/posts\/47804"}],"collection":[{"href":"https:\/\/globalnewsmexico.com\/sitio\/wp-json\/wp\/v2\/posts"}],"about":[{"href":"https:\/\/globalnewsmexico.com\/sitio\/wp-json\/wp\/v2\/types\/post"}],"author":[{"embeddable":true,"href":"https:\/\/globalnewsmexico.com\/sitio\/wp-json\/wp\/v2\/users\/5"}],"replies":[{"embeddable":true,"href":"https:\/\/globalnewsmexico.com\/sitio\/wp-json\/wp\/v2\/comments?post=47804"}],"version-history":[{"count":0,"href":"https:\/\/globalnewsmexico.com\/sitio\/wp-json\/wp\/v2\/posts\/47804\/revisions"}],"wp:featuredmedia":[{"embeddable":true,"href":"https:\/\/globalnewsmexico.com\/sitio\/wp-json\/wp\/v2\/media\/47805"}],"wp:attachment":[{"href":"https:\/\/globalnewsmexico.com\/sitio\/wp-json\/wp\/v2\/media?parent=47804"}],"wp:term":[{"taxonomy":"category","embeddable":true,"href":"https:\/\/globalnewsmexico.com\/sitio\/wp-json\/wp\/v2\/categories?post=47804"},{"taxonomy":"post_tag","embeddable":true,"href":"https:\/\/globalnewsmexico.com\/sitio\/wp-json\/wp\/v2\/tags?post=47804"}],"curies":[{"name":"wp","href":"https:\/\/api.w.org\/{rel}","templated":true}]}}