{"id":47815,"date":"2020-05-15T11:57:06","date_gmt":"2020-05-15T16:57:06","guid":{"rendered":"http:\/\/globalnewsmexico.com\/sitio\/?p=47815"},"modified":"2020-05-15T11:57:13","modified_gmt":"2020-05-15T16:57:13","slug":"suspenden-abierto-de-los-cabos-2020-por-coronavirus","status":"publish","type":"post","link":"https:\/\/globalnewsmexico.com\/sitio\/suspenden-abierto-de-los-cabos-2020-por-coronavirus\/","title":{"rendered":"Suspenden Abierto de Los Cabos 2020 por coronavirus"},"content":{"rendered":"\n<p>Si bien parte del deporte en el mundo comienza a regresar, el panorama en el tenis a\u00fan no es claro\u00a0y en esta ocasi\u00f3n, el Abierto de Los Cabos que iba a disputarse del 20 al 25 de julio,\u00a0tuvo que ser suspendido por la pandemia del coronavirus Covid-19. La noticia fue anunciada primero a trav\u00e9s de un comunicado en sus redes sociales y despu\u00e9s se profundiz\u00f3 en un IG Live con el director del torneo Geoffrey Fern\u00e1ndez.<\/p>\n\n\n\n<p>\u00abCon profunda tristeza les informamos que debido al brote activo de Covid-19, el Abierto de Tenis MIFEL ha sido suspendido. Desafortunadamente la situaci\u00f3n actual por la que atraviesa el mundo\u00a0<u>nos obliga a suspender el torneo para salvaguardar la integridad y seguridad<\/u>\u00a0de los aficionados, jugadores y personal que colabora en nuestro evento\u00bb, se\u00f1alaron.<\/p>\n\n\n\n<p>\u00abEst\u00e9n seguros de que por nuestra parte, estaremos trabajando con la firme intenci\u00f3n de hacer del pr\u00f3ximo a\u00f1o un evento inolvidable para todos\u00bb, a\u00f1adieron.<\/p>\n\n\n\n<p>Galardonado por la votaci\u00f3n de tenistas como\u00a0el mejor torneo ATP 250 del circuito, la quinta edici\u00f3n tendr\u00e1 que esperar a celebrarse en 2021. Para este a\u00f1o\u00a0<u>ya hab\u00edan confirmado su presencia Grigor Dimitrov y John Isner<\/u>.<\/p>\n\n\n\n<p>Fuente: Milenio<\/p>\n","protected":false},"excerpt":{"rendered":"<p>#Deportes El #AbiertoDeLosCabos que iba a disputarse del 20 al 25 de julio, tuvo que ser suspendido por la #pandemia del #coronavirus #Covid19.<\/p>\n","protected":false},"author":5,"featured_media":47816,"comment_status":"closed","ping_status":"open","sticky":false,"template":"","format":"standard","meta":{"spay_email":"","footnotes":""},"categories":[37,8,49,52],"tags":[],"jetpack_featured_media_url":"https:\/\/i0.wp.com\/globalnewsmexico.com\/sitio\/wp-content\/uploads\/2020\/05\/abierto-cabos-suspende-coronavirus-zeltzin_0_98_958_596.jpeg?fit=1040%2C647&ssl=1","jetpack_sharing_enabled":true,"jetpack_shortlink":"https:\/\/wp.me\/p9yqPL-crd","jetpack_likes_enabled":true,"_links":{"self":[{"href":"https:\/\/globalnewsmexico.com\/sitio\/wp-json\/wp\/v2\/posts\/47815"}],"collection":[{"href":"https:\/\/globalnewsmexico.com\/sitio\/wp-json\/wp\/v2\/posts"}],"about":[{"href":"https:\/\/globalnewsmexico.com\/sitio\/wp-json\/wp\/v2\/types\/post"}],"author":[{"embeddable":true,"href":"https:\/\/globalnewsmexico.com\/sitio\/wp-json\/wp\/v2\/users\/5"}],"replies":[{"embeddable":true,"href":"https:\/\/globalnewsmexico.com\/sitio\/wp-json\/wp\/v2\/comments?post=47815"}],"version-history":[{"count":0,"href":"https:\/\/globalnewsmexico.com\/sitio\/wp-json\/wp\/v2\/posts\/47815\/revisions"}],"wp:featuredmedia":[{"embeddable":true,"href":"https:\/\/globalnewsmexico.com\/sitio\/wp-json\/wp\/v2\/media\/47816"}],"wp:attachment":[{"href":"https:\/\/globalnewsmexico.com\/sitio\/wp-json\/wp\/v2\/media?parent=47815"}],"wp:term":[{"taxonomy":"category","embeddable":true,"href":"https:\/\/globalnewsmexico.com\/sitio\/wp-json\/wp\/v2\/categories?post=47815"},{"taxonomy":"post_tag","embeddable":true,"href":"https:\/\/globalnewsmexico.com\/sitio\/wp-json\/wp\/v2\/tags?post=47815"}],"curies":[{"name":"wp","href":"https:\/\/api.w.org\/{rel}","templated":true}]}}