{"id":47855,"date":"2020-05-16T10:26:24","date_gmt":"2020-05-16T15:26:24","guid":{"rendered":"http:\/\/globalnewsmexico.com\/sitio\/?p=47855"},"modified":"2020-05-16T10:27:42","modified_gmt":"2020-05-16T15:27:42","slug":"italia-reabrira-fronteras-a-partir-del-3-de-junio-tras-restricciones-por-covid-19","status":"publish","type":"post","link":"https:\/\/globalnewsmexico.com\/sitio\/italia-reabrira-fronteras-a-partir-del-3-de-junio-tras-restricciones-por-covid-19\/","title":{"rendered":"Italia reabrir\u00e1 fronteras a partir del 3 de junio, tras restricciones por Covid-19"},"content":{"rendered":"\n<p>El Gobierno de Italia permitir\u00e1 viajar hacia y desde el extranjero a partir del 3 de junio, seg\u00fan un decreto aprobado por el primer ministro, Giuseppe Conte, tras restricciones impuestas\u00a0para contener la propagaci\u00f3n de\u00a0Covid-19.<\/p>\n\n\n\n<p>Al finalizar una reuni\u00f3n del Consejo de Ministros, Conte dijo que aprob\u00f3 los lineamientos para entrar en la fase 2 de flexibilizaci\u00f3n de las medidas sanitarias. En cuanto a los viajes al interior del pa\u00eds, tambi\u00e9n se podr\u00e1 viajar libremente entre regiones.<\/p>\n\n\n\n<p>Aunque algunas regiones instaron a Conte a revertir las medidas antes, consider\u00f3 que se mantendr\u00e1n hasta la fecha indicada para evitar una segunda ola de contagios. Las normas estar\u00e1n vigentes hasta el feriado por el D\u00eda de la Rep\u00fablica de Italia, celebrado el 2 de junio.<\/p>\n\n\n\n<p>El decreto no precisa si las medidas se flexibilizaron tambi\u00e9n para los residentes de la Uni\u00f3n Europea, pero medios locales dijeron la v\u00edspera que el decreto tambi\u00e9n aplica para las visas europeas.<\/p>\n\n\n\n<p>Fuentes del gobierno dijeron al diario\u00a0La Repubblica\u00a0y a la agencia de noticias\u00a0Adnkronos\u00a0que no se obligar\u00e1\u00a0a los viajeros entrar en cuarentena, al ingresar al pa\u00eds despu\u00e9s del 3 de junio.<\/p>\n\n\n\n<p>A finales de febrero, el pa\u00eds fue considerado el epicentro del coronavirus en el continente, por lo que decret\u00f3 uno de los bloqueos m\u00e1s estrictos del mundo. Italia acumul\u00f3 un total de 233 mil 151 casos confirmados y 33 mil 614 muertes, cifras que han disminuido constantemente.<\/p>\n\n\n\n<p>Fuente: Notimex<\/p>\n","protected":false},"excerpt":{"rendered":"<p>#Mundo El Gobierno de #Italia permitir\u00e1 viajar hacia y desde el #extranjero a partir del 3 de junio, seg\u00fan un #decreto aprobado por el primer ministro, Giuseppe Conte, tras restricciones impuestas para contener la propagaci\u00f3n de #Covid19.<\/p>\n","protected":false},"author":5,"featured_media":47854,"comment_status":"closed","ping_status":"open","sticky":false,"template":"","format":"standard","meta":{"spay_email":"","footnotes":""},"categories":[37,8,48,52],"tags":[],"jetpack_featured_media_url":"https:\/\/i1.wp.com\/globalnewsmexico.com\/sitio\/wp-content\/uploads\/2020\/05\/1101301.jpg?fit=1024%2C649&ssl=1","jetpack_sharing_enabled":true,"jetpack_shortlink":"https:\/\/wp.me\/p9yqPL-crR","jetpack_likes_enabled":true,"_links":{"self":[{"href":"https:\/\/globalnewsmexico.com\/sitio\/wp-json\/wp\/v2\/posts\/47855"}],"collection":[{"href":"https:\/\/globalnewsmexico.com\/sitio\/wp-json\/wp\/v2\/posts"}],"about":[{"href":"https:\/\/globalnewsmexico.com\/sitio\/wp-json\/wp\/v2\/types\/post"}],"author":[{"embeddable":true,"href":"https:\/\/globalnewsmexico.com\/sitio\/wp-json\/wp\/v2\/users\/5"}],"replies":[{"embeddable":true,"href":"https:\/\/globalnewsmexico.com\/sitio\/wp-json\/wp\/v2\/comments?post=47855"}],"version-history":[{"count":0,"href":"https:\/\/globalnewsmexico.com\/sitio\/wp-json\/wp\/v2\/posts\/47855\/revisions"}],"wp:featuredmedia":[{"embeddable":true,"href":"https:\/\/globalnewsmexico.com\/sitio\/wp-json\/wp\/v2\/media\/47854"}],"wp:attachment":[{"href":"https:\/\/globalnewsmexico.com\/sitio\/wp-json\/wp\/v2\/media?parent=47855"}],"wp:term":[{"taxonomy":"category","embeddable":true,"href":"https:\/\/globalnewsmexico.com\/sitio\/wp-json\/wp\/v2\/categories?post=47855"},{"taxonomy":"post_tag","embeddable":true,"href":"https:\/\/globalnewsmexico.com\/sitio\/wp-json\/wp\/v2\/tags?post=47855"}],"curies":[{"name":"wp","href":"https:\/\/api.w.org\/{rel}","templated":true}]}}