{"id":47861,"date":"2020-05-16T11:42:40","date_gmt":"2020-05-16T16:42:40","guid":{"rendered":"http:\/\/globalnewsmexico.com\/sitio\/?p=47861"},"modified":"2020-05-16T11:42:50","modified_gmt":"2020-05-16T16:42:50","slug":"con-reglas-radicales-mexico-busca-controlar-sector-de-generacion-de-energia-financial-times","status":"publish","type":"post","link":"https:\/\/globalnewsmexico.com\/sitio\/con-reglas-radicales-mexico-busca-controlar-sector-de-generacion-de-energia-financial-times\/","title":{"rendered":"Con \u00abreglas radicales\u00bb, M\u00e9xico busca controlar sector de generaci\u00f3n de energ\u00eda: Financial Times"},"content":{"rendered":"\n<p>El diario londinense Financial Times consider\u00f3 que el Gobierno de M\u00e9xico da un paso atr\u00e1s, para volver a poner bajo control del Estado el sector de generaci\u00f3n de energ\u00eda.<\/p>\n\n\n\n<p>El viernes, la Secretar\u00eda de Energ\u00eda, a cargo de Roc\u00edo Nahle, public\u00f3 en el Diario Oficial de la Federaci\u00f3n una nueva normatividad que limita la participaci\u00f3n del sector privado en energ\u00edas renovables y asest\u00f3 un golpe seco a la reforma el\u00e9ctrica.<\/p>\n\n\n\n<p>Esta pol\u00edtica frena todas las inversiones privadas en generaci\u00f3n de electricidad, con lo que se privilegiar\u00e1 a las centrales de combustibles f\u00f3siles. Tambi\u00e9n se frena la posibilidad de generar energ\u00eda a menor precio.<\/p>\n\n\n\n<p>Financial Times se\u00f1ala que estas \u201cnuevas reglas radicales\u201d preocupan a empresas privadas de generaci\u00f3n de energ\u00eda que temen pueda significar el final de su participaci\u00f3n en el mercado de la electricidad.<\/p>\n\n\n\n<p>\u00abEste es el intento m\u00e1s directo hasta la fecha para recuperar el control del sector\u00bb se\u00f1al\u00f3 un alto ejecutivo, seg\u00fan el peri\u00f3dico.<\/p>\n\n\n\n<p>Compa\u00f1\u00edas internacionales incluidas Iberdrola y Naturgy, de Espa\u00f1a, AES y Sempra, de Estados Unidos; Enel, de Italia, de Francia; Engie de Francia, y Vestas, de Dinamarca, han invertido en el sector de energ\u00eda de M\u00e9xico.<\/p>\n\n\n\n<p>El especialista en energ\u00eda de FTI Consulting, Pablo Z\u00e1rate, coment\u00f3 que \u201cesta es una tremenda toma de poder por parte de la Secretar\u00eda de Energ\u00eda\u201d.<\/p>\n\n\n\n<p>Seg\u00fan el diario londinense, Roc\u00edo Nahle argument\u00f3 que ante la emergencia sanitaria por la pandemia de Covid-19 se requieren nuevas pautas para garantizar los suministros de energ\u00eda.<\/p>\n\n\n\n<p>El viernes, la Secretar\u00eda de Energ\u00eda logr\u00f3 que su Pol\u00edtica de Confiabilidad del Sistema El\u00e9ctrico entrara en vigor al publicarse en la emisi\u00f3n vespertina del Diario Oficial de la Federaci\u00f3n (DOF).<\/p>\n\n\n\n<p>El pasado 29 de abril el Centro Nacional de Control El\u00e9ctrico (Cenace), public\u00f3 un acuerdo para limitar la operaci\u00f3n de nuevas centrales de energ\u00eda renovables durante la contingencia sanitaria por el coronavirus.<\/p>\n\n\n\n<p>Esta publicaci\u00f3n fue rechazada y la Sener present\u00f3 ayer su anteproyecto ante la Comisi\u00f3n Nacional de Mejora Regulatoria (Conamer) y unas horas m\u00e1s tarde, saltando todo el protocolo, el documento se public\u00f3 \u00edntegro en una edici\u00f3n vespertina del DOF.<\/p>\n\n\n\n<p>Fuente: Reforma<\/p>\n","protected":false},"excerpt":{"rendered":"<p>#Destacamos El diario londinense #FinancialTimes consider\u00f3 que el Gobierno de #M\u00e9xico da un paso atr\u00e1s, para volver a poner bajo control del Estado el sector de generaci\u00f3n de #energ\u00eda.<\/p>\n","protected":false},"author":5,"featured_media":47862,"comment_status":"closed","ping_status":"open","sticky":false,"template":"","format":"standard","meta":{"spay_email":"","footnotes":""},"categories":[37,8,39,52],"tags":[],"jetpack_featured_media_url":"https:\/\/i1.wp.com\/globalnewsmexico.com\/sitio\/wp-content\/uploads\/2020\/05\/1101315.jpg?fit=1024%2C656&ssl=1","jetpack_sharing_enabled":true,"jetpack_shortlink":"https:\/\/wp.me\/p9yqPL-crX","jetpack_likes_enabled":true,"_links":{"self":[{"href":"https:\/\/globalnewsmexico.com\/sitio\/wp-json\/wp\/v2\/posts\/47861"}],"collection":[{"href":"https:\/\/globalnewsmexico.com\/sitio\/wp-json\/wp\/v2\/posts"}],"about":[{"href":"https:\/\/globalnewsmexico.com\/sitio\/wp-json\/wp\/v2\/types\/post"}],"author":[{"embeddable":true,"href":"https:\/\/globalnewsmexico.com\/sitio\/wp-json\/wp\/v2\/users\/5"}],"replies":[{"embeddable":true,"href":"https:\/\/globalnewsmexico.com\/sitio\/wp-json\/wp\/v2\/comments?post=47861"}],"version-history":[{"count":0,"href":"https:\/\/globalnewsmexico.com\/sitio\/wp-json\/wp\/v2\/posts\/47861\/revisions"}],"wp:featuredmedia":[{"embeddable":true,"href":"https:\/\/globalnewsmexico.com\/sitio\/wp-json\/wp\/v2\/media\/47862"}],"wp:attachment":[{"href":"https:\/\/globalnewsmexico.com\/sitio\/wp-json\/wp\/v2\/media?parent=47861"}],"wp:term":[{"taxonomy":"category","embeddable":true,"href":"https:\/\/globalnewsmexico.com\/sitio\/wp-json\/wp\/v2\/categories?post=47861"},{"taxonomy":"post_tag","embeddable":true,"href":"https:\/\/globalnewsmexico.com\/sitio\/wp-json\/wp\/v2\/tags?post=47861"}],"curies":[{"name":"wp","href":"https:\/\/api.w.org\/{rel}","templated":true}]}}