{"id":47875,"date":"2020-05-16T13:40:52","date_gmt":"2020-05-16T18:40:52","guid":{"rendered":"http:\/\/globalnewsmexico.com\/sitio\/?p=47875"},"modified":"2020-05-16T13:41:59","modified_gmt":"2020-05-16T18:41:59","slug":"en-un-dia-dan-de-alta-a-7-pacientes-recuperados-de-covid-19-en-coatzacoalcos","status":"publish","type":"post","link":"https:\/\/globalnewsmexico.com\/sitio\/en-un-dia-dan-de-alta-a-7-pacientes-recuperados-de-covid-19-en-coatzacoalcos\/","title":{"rendered":"En un d\u00eda, dan de alta a 7 pacientes recuperados de Covid-19 en Coatzacoalcos"},"content":{"rendered":"\n<p>El Hospital General de Zona n\u00famero 36 del Instituto Mexicano del Seguro Social (IMSS) en Coatzacoalcos, Veracruz, dio de alta a siete pacientes del M\u00f3dulo de Enfermedades Respiratorias (MER) en un d\u00eda, tras superar el Covid-19.<\/p>\n\n\n\n<p>Despu\u00e9s de varios d\u00edas de hospitalizaci\u00f3n, las personas recuperadas ya se encuentran en sus hogares, con las medidas de seguridad indicadas para cada caso.<\/p>\n\n\n\n<p>Fueron tres mujeres mayores de 50 a\u00f1os de edad, y cuatro hombres de entre 33 y 69 a\u00f1os, quienes estuvieron bajo los cuidados del personal m\u00e9dico y de enfermer\u00eda del Seguro Social, por cinco y hasta nueve d\u00edas en el \u00e1rea de hospitalizaci\u00f3n.&nbsp;&nbsp;<\/p>\n\n\n\n<p>Al salir, los derechohabientes agradecieron los cuidados y atenciones recibidas, y llamaron a la poblaci\u00f3n a seguir las recomendaciones de las autoridades de salud, como mantenerse en casa y el lavado frecuente de manos.<\/p>\n\n\n\n<p>\u201cAna\u201d ingres\u00f3 al MER el 5 de mayo, por complicaciones respiratorias, al abandonar el hospital expres\u00f3: \u201ccu\u00eddense, yo no s\u00e9 ni donde me contagi\u00e9. Agradezco a mis m\u00e9dicos por todas sus atenciones\u201d.<\/p>\n\n\n\n<p>Por su parte, \u201cMar\u00eda\u201d sali\u00f3 del m\u00f3dulo entre aplausos del personal m\u00e9dico y sus familiares. \u201cGracias a todos, mi gran familia IMSS que nunca nos abandona, muchas gracias IMSS por todo\u201d, coment\u00f3.<\/p>\n\n\n\n<p>El Coordinador de Informaci\u00f3n y Atenci\u00f3n a la Salud, Luis Arturo Garc\u00eda V\u00e1zquez, explic\u00f3 que cada paciente recibe un tratamiento espec\u00edfico, ajustado a los resultados que arrojan sus ex\u00e1menes, lo que permite su recuperaci\u00f3n.<\/p>\n\n\n\n<p>Reconoci\u00f3 la labor de los m\u00e1s de 100 trabajadores del IMSS (m\u00e9dicos, enfermeras, laboratorios, radi\u00f3logos, manejadores de alimentos, higiene y limpieza, trabajadoras sociales, entre otros), que a lo largo del d\u00eda atienden y cuidan a los derechohabientes.<\/p>\n","protected":false},"excerpt":{"rendered":"<p>#Local El Hospital General de Zona n\u00famero 36 del Instituto Mexicano del Seguro Social (#IMSS) en #Coatzacoalcos, #Veracruz, dio de alta a siete #pacientes del M\u00f3dulo de Enfermedades Respiratorias (MER) en un d\u00eda, tras superar el #Covid19.<\/p>\n","protected":false},"author":5,"featured_media":47876,"comment_status":"closed","ping_status":"open","sticky":false,"template":"","format":"standard","meta":{"spay_email":"","footnotes":""},"categories":[37,8,50,52],"tags":[],"jetpack_featured_media_url":"https:\/\/i2.wp.com\/globalnewsmexico.com\/sitio\/wp-content\/uploads\/2020\/05\/1101344.jpg?fit=1024%2C614&ssl=1","jetpack_sharing_enabled":true,"jetpack_shortlink":"https:\/\/wp.me\/p9yqPL-csb","jetpack_likes_enabled":true,"_links":{"self":[{"href":"https:\/\/globalnewsmexico.com\/sitio\/wp-json\/wp\/v2\/posts\/47875"}],"collection":[{"href":"https:\/\/globalnewsmexico.com\/sitio\/wp-json\/wp\/v2\/posts"}],"about":[{"href":"https:\/\/globalnewsmexico.com\/sitio\/wp-json\/wp\/v2\/types\/post"}],"author":[{"embeddable":true,"href":"https:\/\/globalnewsmexico.com\/sitio\/wp-json\/wp\/v2\/users\/5"}],"replies":[{"embeddable":true,"href":"https:\/\/globalnewsmexico.com\/sitio\/wp-json\/wp\/v2\/comments?post=47875"}],"version-history":[{"count":0,"href":"https:\/\/globalnewsmexico.com\/sitio\/wp-json\/wp\/v2\/posts\/47875\/revisions"}],"wp:featuredmedia":[{"embeddable":true,"href":"https:\/\/globalnewsmexico.com\/sitio\/wp-json\/wp\/v2\/media\/47876"}],"wp:attachment":[{"href":"https:\/\/globalnewsmexico.com\/sitio\/wp-json\/wp\/v2\/media?parent=47875"}],"wp:term":[{"taxonomy":"category","embeddable":true,"href":"https:\/\/globalnewsmexico.com\/sitio\/wp-json\/wp\/v2\/categories?post=47875"},{"taxonomy":"post_tag","embeddable":true,"href":"https:\/\/globalnewsmexico.com\/sitio\/wp-json\/wp\/v2\/tags?post=47875"}],"curies":[{"name":"wp","href":"https:\/\/api.w.org\/{rel}","templated":true}]}}