{"id":47990,"date":"2020-05-19T15:32:09","date_gmt":"2020-05-19T20:32:09","guid":{"rendered":"http:\/\/globalnewsmexico.com\/sitio\/?p=47990"},"modified":"2020-05-19T15:32:09","modified_gmt":"2020-05-19T20:32:09","slug":"clausuran-relleno-sanitario-de-poza-rica-veracruz","status":"publish","type":"post","link":"https:\/\/globalnewsmexico.com\/sitio\/clausuran-relleno-sanitario-de-poza-rica-veracruz\/","title":{"rendered":"Clausuran relleno sanitario de Poza Rica, Veracruz"},"content":{"rendered":"\n<p>El Ayuntamiento de Poza Rica, Veracruz, inform\u00f3 que la Procuradur\u00eda Estatal de Protecci\u00f3n al Medio Ambiente (PMA) clausur\u00f3 el relleno sanitario municipal, al parecer por irregularidades observadas en dicho sitio.<\/p>\n\n\n\n<p>El Gobierno municipal detall\u00f3 lo anterior en sus redes sociales, a trav\u00e9s del siguiente comunicado:<\/p>\n\n\n\n<p>\u00abEl d\u00eda de ayer, aproximadamente a las 18:30 horas nos enteramos que fue clausurado el relleno sanitario de Poza Rica, sitio en el cual se realiza la disposici\u00f3n final de los desechos s\u00f3lidos de nuestro municipio.<\/p>\n\n\n\n<p>La clausura fue realizada por personal de PMA (Procuradur\u00eda Estatal de Protecci\u00f3n al Medio Ambiente), suponemos que con base en irregularidades observadas en dicho sitio.<\/p>\n\n\n\n<p>Por tal motivo, este Gobierno Municipal emite el siguiente comunicado:<\/p>\n\n\n\n<p>1. El Gobierno Municipal no ha sido notificado, en ning\u00fan momento, de la clausura.<\/p>\n\n\n\n<p>2. La clausura fue notificada presumiblemente a la empresa PASA quien tiene concesionado el servicio de recolecci\u00f3n y disposici\u00f3n final de los desechos s\u00f3lidos del municipio.<\/p>\n\n\n\n<p>3. La empresa PASA es la responsable directa de dicho servicio.<\/p>\n\n\n\n<p>4. La empresa PASA es quien, en todo caso, debe resolver esta situaci\u00f3n, ya que as\u00ed est\u00e1 establecido en el contrato-concesi\u00f3n que se les otorg\u00f3 desde el a\u00f1o 2008<\/p>\n\n\n\n<p>5. Este gobierno le exige a la empresa PASA cumplir con la solventaci\u00f3n de las observaciones motivo de la clausura, en caso de que existieran, que le permitan cumplir con el servicio y evitar un colapso en la recolecci\u00f3n y disposici\u00f3n de los desechos.<\/p>\n\n\n\n<p>6. Hasta el momento no ha sido posible establecer comunicaci\u00f3n con los directivos de la empresa PASA.<\/p>\n\n\n\n<p>7. Este gobierno ya estableci\u00f3 contacto con el Gobierno del Estado y en particular con la Secretar\u00eda del Medio Ambiente, quien tampoco estuvo notificada, con objeto de buscar una soluci\u00f3n para continuar con la recolecci\u00f3n y disposici\u00f3n final de los desechos.<\/p>\n\n\n\n<p>8. Se les solicita a todos los ciudadanos del municipio que, en tanto se encuentre una soluci\u00f3n a este problema, se abstengan de sacar sus desechos a la calle, para evitar focos de infecci\u00f3n.<\/p>\n\n\n\n<p>9. Se les agradece su comprensi\u00f3n y se les informa que este gobierno est\u00e1 buscando la forma de evitar una crisis en el manejo de los desechos, considerando lo dif\u00edcil de la situaci\u00f3n con la pandemia que nos aqueja.<\/p>\n\n\n\n<p>10. Se les continuar\u00e1 informando oportunamente de los avances de esta situaci\u00f3n\u00bb.<\/p>\n","protected":false},"excerpt":{"rendered":"<p>#Estado El Ayuntamiento de #PozaRica, #Veracruz, inform\u00f3 que la Procuradur\u00eda Estatal de Protecci\u00f3n al Medio Ambiente (#PMA) clausur\u00f3 el #RellenoSanitario municipal, al parecer por irregularidades observadas en dicho sitio.<\/p>\n","protected":false},"author":5,"featured_media":0,"comment_status":"closed","ping_status":"open","sticky":false,"template":"","format":"standard","meta":{"spay_email":"","footnotes":""},"categories":[1],"tags":[],"jetpack_featured_media_url":"","jetpack_sharing_enabled":true,"jetpack_shortlink":"https:\/\/wp.me\/p9yqPL-cu2","jetpack_likes_enabled":true,"_links":{"self":[{"href":"https:\/\/globalnewsmexico.com\/sitio\/wp-json\/wp\/v2\/posts\/47990"}],"collection":[{"href":"https:\/\/globalnewsmexico.com\/sitio\/wp-json\/wp\/v2\/posts"}],"about":[{"href":"https:\/\/globalnewsmexico.com\/sitio\/wp-json\/wp\/v2\/types\/post"}],"author":[{"embeddable":true,"href":"https:\/\/globalnewsmexico.com\/sitio\/wp-json\/wp\/v2\/users\/5"}],"replies":[{"embeddable":true,"href":"https:\/\/globalnewsmexico.com\/sitio\/wp-json\/wp\/v2\/comments?post=47990"}],"version-history":[{"count":0,"href":"https:\/\/globalnewsmexico.com\/sitio\/wp-json\/wp\/v2\/posts\/47990\/revisions"}],"wp:attachment":[{"href":"https:\/\/globalnewsmexico.com\/sitio\/wp-json\/wp\/v2\/media?parent=47990"}],"wp:term":[{"taxonomy":"category","embeddable":true,"href":"https:\/\/globalnewsmexico.com\/sitio\/wp-json\/wp\/v2\/categories?post=47990"},{"taxonomy":"post_tag","embeddable":true,"href":"https:\/\/globalnewsmexico.com\/sitio\/wp-json\/wp\/v2\/tags?post=47990"}],"curies":[{"name":"wp","href":"https:\/\/api.w.org\/{rel}","templated":true}]}}