{"id":48044,"date":"2020-05-20T12:35:56","date_gmt":"2020-05-20T17:35:56","guid":{"rendered":"http:\/\/globalnewsmexico.com\/sitio\/?p=48044"},"modified":"2020-05-20T12:36:00","modified_gmt":"2020-05-20T17:36:00","slug":"presidente-de-guatemala-culpa-a-mexico-del-aumento-de-casos-covid-19-en-su-pais","status":"publish","type":"post","link":"https:\/\/globalnewsmexico.com\/sitio\/presidente-de-guatemala-culpa-a-mexico-del-aumento-de-casos-covid-19-en-su-pais\/","title":{"rendered":"Presidente de Guatemala culpa a M\u00e9xico del aumento de casos Covid-19 en su pa\u00eds"},"content":{"rendered":"\n<p>El presidente de Guatemala, Alejandro Giammattei, culp\u00f3 a M\u00e9xico del aumento de casos de Covid-19 en su pa\u00eds.<\/p>\n\n\n\n<p>Afirm\u00f3 que el aumento de los casos de coronavirus en su pa\u00eds se debe \u201ca la irresponsabilidad de nuestros vecinos\u201d que contin\u00faan con vuelos en aeropuertos y realizando hasta ferias, como la que se llev\u00f3 a cabo en Tapachula.<\/p>\n\n\n\n<p>\u201cLo que m\u00e1s le temo yo, que es el que tengo aqu\u00ed es el vuelo que viene de Tijuana a Tapachula, porque se nos est\u00e1 regresando mucha gente de los Estados Unidos en ese vuelo y nos entra en la frontera y nos ocasiona a nosotros los casos de Covid-19\u201d, afirm\u00f3.<\/p>\n\n\n\n<p>Agreg\u00f3 que ante la pandemia se est\u00e1 trabajando, para evitar que los casos crezcan, y subray\u00f3 que tambi\u00e9n necesita el apoyo de los medios de comunicaci\u00f3n.<\/p>\n\n\n\n<p>Fuente: El Universal<\/p>\n","protected":false},"excerpt":{"rendered":"<p>#Destacamos El presidente de #Guatemala, Alejandro Giammattei, culp\u00f3 a #M\u00e9xico del aumento de casos de #Covid-19 en su pa\u00eds. Es culpa de \u00abla irresponsabilidad de nuestros vecinos\u201d, dijo.<\/p>\n","protected":false},"author":5,"featured_media":48045,"comment_status":"closed","ping_status":"open","sticky":false,"template":"","format":"standard","meta":{"spay_email":"","footnotes":""},"categories":[37,8,48,52],"tags":[],"jetpack_featured_media_url":"https:\/\/i0.wp.com\/globalnewsmexico.com\/sitio\/wp-content\/uploads\/2020\/05\/1101986.jpg?fit=1024%2C683&ssl=1","jetpack_sharing_enabled":true,"jetpack_shortlink":"https:\/\/wp.me\/p9yqPL-cuU","jetpack_likes_enabled":true,"_links":{"self":[{"href":"https:\/\/globalnewsmexico.com\/sitio\/wp-json\/wp\/v2\/posts\/48044"}],"collection":[{"href":"https:\/\/globalnewsmexico.com\/sitio\/wp-json\/wp\/v2\/posts"}],"about":[{"href":"https:\/\/globalnewsmexico.com\/sitio\/wp-json\/wp\/v2\/types\/post"}],"author":[{"embeddable":true,"href":"https:\/\/globalnewsmexico.com\/sitio\/wp-json\/wp\/v2\/users\/5"}],"replies":[{"embeddable":true,"href":"https:\/\/globalnewsmexico.com\/sitio\/wp-json\/wp\/v2\/comments?post=48044"}],"version-history":[{"count":0,"href":"https:\/\/globalnewsmexico.com\/sitio\/wp-json\/wp\/v2\/posts\/48044\/revisions"}],"wp:featuredmedia":[{"embeddable":true,"href":"https:\/\/globalnewsmexico.com\/sitio\/wp-json\/wp\/v2\/media\/48045"}],"wp:attachment":[{"href":"https:\/\/globalnewsmexico.com\/sitio\/wp-json\/wp\/v2\/media?parent=48044"}],"wp:term":[{"taxonomy":"category","embeddable":true,"href":"https:\/\/globalnewsmexico.com\/sitio\/wp-json\/wp\/v2\/categories?post=48044"},{"taxonomy":"post_tag","embeddable":true,"href":"https:\/\/globalnewsmexico.com\/sitio\/wp-json\/wp\/v2\/tags?post=48044"}],"curies":[{"name":"wp","href":"https:\/\/api.w.org\/{rel}","templated":true}]}}