{"id":48248,"date":"2020-05-25T11:37:59","date_gmt":"2020-05-25T16:37:59","guid":{"rendered":"http:\/\/globalnewsmexico.com\/sitio\/?p=48248"},"modified":"2020-05-25T11:38:40","modified_gmt":"2020-05-25T16:38:40","slug":"se-contagian-100-de-covid-19-tras-asistir-a-una-misa","status":"publish","type":"post","link":"https:\/\/globalnewsmexico.com\/sitio\/se-contagian-100-de-covid-19-tras-asistir-a-una-misa\/","title":{"rendered":"Se contagian 100 de Covid-19 tras asistir a una misa"},"content":{"rendered":"\n<p>Alrededor de cien personas resultaron contagiadas de\u00a0Covid-19 en Fr\u00e1ncfort, Alemania, tras asistir a una misa el pasado 10 de mayo, pese a que respetaron las medidas sanitarias.<\/p>\n\n\n\n<p>Autoridades confirmaron que de las personas que se contagiaron del nuevo coronavirus, seis fueron hospitalizadas.<\/p>\n\n\n\n<p>Informaron que el oficio religioso habr\u00eda sido celebrado en una iglesia protestante el 10 de mayo, unos d\u00edas despu\u00e9s de la reapertura de los lugares de culto en Alemania.<\/p>\n\n\n\n<p>Cabe se\u00f1alar que tras una fuerte desaceleraci\u00f3n de la epidemia, Alemania flexibiliz\u00f3 a principios de mayo las restricciones aplicadas contra la pandemia. Pero los temores de una segunda ola siguen presentes en este pa\u00eds, relativamente menos afectado que algunos de sus vecinos europeos.<\/p>\n\n\n\n<p>Fuente: El Universal<\/p>\n","protected":false},"excerpt":{"rendered":"<p>#Mundo Alrededor de cien personas resultaron contagiadas de #Covid19 en #Fr\u00e1ncfort, #Alemania, tras asistir a una #misa el pasado 10 de mayo, pese a que respetaron las medidas sanitarias.<\/p>\n","protected":false},"author":5,"featured_media":48249,"comment_status":"closed","ping_status":"open","sticky":false,"template":"","format":"standard","meta":{"spay_email":"","footnotes":""},"categories":[37,8,48,52],"tags":[],"jetpack_featured_media_url":"https:\/\/i2.wp.com\/globalnewsmexico.com\/sitio\/wp-content\/uploads\/2020\/05\/1102816.jpg?fit=1024%2C683&ssl=1","jetpack_sharing_enabled":true,"jetpack_shortlink":"https:\/\/wp.me\/p9yqPL-cyc","jetpack_likes_enabled":true,"_links":{"self":[{"href":"https:\/\/globalnewsmexico.com\/sitio\/wp-json\/wp\/v2\/posts\/48248"}],"collection":[{"href":"https:\/\/globalnewsmexico.com\/sitio\/wp-json\/wp\/v2\/posts"}],"about":[{"href":"https:\/\/globalnewsmexico.com\/sitio\/wp-json\/wp\/v2\/types\/post"}],"author":[{"embeddable":true,"href":"https:\/\/globalnewsmexico.com\/sitio\/wp-json\/wp\/v2\/users\/5"}],"replies":[{"embeddable":true,"href":"https:\/\/globalnewsmexico.com\/sitio\/wp-json\/wp\/v2\/comments?post=48248"}],"version-history":[{"count":0,"href":"https:\/\/globalnewsmexico.com\/sitio\/wp-json\/wp\/v2\/posts\/48248\/revisions"}],"wp:featuredmedia":[{"embeddable":true,"href":"https:\/\/globalnewsmexico.com\/sitio\/wp-json\/wp\/v2\/media\/48249"}],"wp:attachment":[{"href":"https:\/\/globalnewsmexico.com\/sitio\/wp-json\/wp\/v2\/media?parent=48248"}],"wp:term":[{"taxonomy":"category","embeddable":true,"href":"https:\/\/globalnewsmexico.com\/sitio\/wp-json\/wp\/v2\/categories?post=48248"},{"taxonomy":"post_tag","embeddable":true,"href":"https:\/\/globalnewsmexico.com\/sitio\/wp-json\/wp\/v2\/tags?post=48248"}],"curies":[{"name":"wp","href":"https:\/\/api.w.org\/{rel}","templated":true}]}}