{"id":48342,"date":"2020-05-27T10:52:32","date_gmt":"2020-05-27T15:52:32","guid":{"rendered":"http:\/\/globalnewsmexico.com\/sitio\/?p=48342"},"modified":"2020-05-27T10:52:37","modified_gmt":"2020-05-27T15:52:37","slug":"amlo-presentara-el-viernes-plan-sobre-regreso-a-clases","status":"publish","type":"post","link":"https:\/\/globalnewsmexico.com\/sitio\/amlo-presentara-el-viernes-plan-sobre-regreso-a-clases\/","title":{"rendered":"AMLO presentar\u00e1 el viernes plan sobre regreso a clases"},"content":{"rendered":"\n<p>El\u00a0presidente Andr\u00e9s Manuel L\u00f3pez Obrador\u00a0inform\u00f3 que el viernes se presentar\u00e1n los lineamientos de regreso a clases para la nueva normalidad, tras la conclusi\u00f3n de la\u00a0Jornada Nacional de Sana Distancia.<\/p>\n\n\n\n<p>Durante la conferencia ma\u00f1anera, dijo que tambi\u00e9n se dar\u00e1 a conocer la propuesta de la federaci\u00f3n de c\u00f3mo actuar en la etapa que sigue, sin embargo, aclar\u00f3 que no ser\u00e1 de aplicaci\u00f3n obligatoria sino una recomendaci\u00f3n para las autoridades estatales y municipales.<\/p>\n\n\n\n<p>\u201cVamos a entrar a una nueva etapa, se va a explicar el viernes en la ma\u00f1ana y desde luego en la tarde y todo el fin de semana. Esto va a incluir los lineamientos generales en materia de educaci\u00f3n, de las posibilidades del regreso a clases, todo como recomendaci\u00f3n, de car\u00e1cter normativo a partir de la recomendaci\u00f3n sanitaria\u201d, se\u00f1al\u00f3.<\/p>\n\n\n\n<p>Dijo que se va a detallar la forma en que van a operar las industrias que lo tienen permitido en esta primera etapa de la nueva normalidad como la miner\u00eda, la construcci\u00f3n y la industria automotriz.<\/p>\n\n\n\n<p>\u201cVamos a saber sobre las actividades que van a ir entrando a la nueva normalidad, lo que est\u00e1 permiti\u00f3 en su fase de preparaci\u00f3n\u201d, agreg\u00f3.<\/p>\n\n\n\n<p>Y sobre el rechazo que han planteado algunos gobernadores a la estrategia federal de retomar actividades con un sem\u00e1foro nacional, el Presidente dijo que se busca llegar a acuerdos \u201ccon di\u00e1logo, no peleando, no obligando a nadie, nada por la fuerza, todo por la raz\u00f3n y el derecho\u201d.<\/p>\n\n\n\n<p>El jueves por la noche, el gabinete se reunir\u00e1 con el presidente L\u00f3pez Obrador para definir esta estrategia. La primera reuni\u00f3n sobre el tema se celebr\u00f3 anoche en Palacio Nacional.<\/p>\n\n\n\n<p>Las autoridades han adelantado que los alumnos regresar\u00e1n a las aulas \u00fanicamente cuando el sem\u00e1foro de riesgo en cada regi\u00f3n est\u00e9 en color verde.&nbsp;<\/p>\n\n\n\n<p>Fuente: Milenio<\/p>\n","protected":false},"excerpt":{"rendered":"<p>#Ent\u00e9rate El presidente #Andr\u00e9sManuelL\u00f3pezObrador inform\u00f3 que el viernes se presentar\u00e1n los lineamientos de #regreso a #clases para la nueva normalidad, tras la conclusi\u00f3n de la Jornada Nacional de #SanaDistancia.<\/p>\n","protected":false},"author":5,"featured_media":48343,"comment_status":"closed","ping_status":"open","sticky":false,"template":"","format":"standard","meta":{"spay_email":"","footnotes":""},"categories":[37,8,39,52],"tags":[],"jetpack_featured_media_url":"https:\/\/i2.wp.com\/globalnewsmexico.com\/sitio\/wp-content\/uploads\/2020\/05\/regreso-clases-presenciales-ciclo-escolar.jpg?fit=958%2C596&ssl=1","jetpack_sharing_enabled":true,"jetpack_shortlink":"https:\/\/wp.me\/p9yqPL-czI","jetpack_likes_enabled":true,"_links":{"self":[{"href":"https:\/\/globalnewsmexico.com\/sitio\/wp-json\/wp\/v2\/posts\/48342"}],"collection":[{"href":"https:\/\/globalnewsmexico.com\/sitio\/wp-json\/wp\/v2\/posts"}],"about":[{"href":"https:\/\/globalnewsmexico.com\/sitio\/wp-json\/wp\/v2\/types\/post"}],"author":[{"embeddable":true,"href":"https:\/\/globalnewsmexico.com\/sitio\/wp-json\/wp\/v2\/users\/5"}],"replies":[{"embeddable":true,"href":"https:\/\/globalnewsmexico.com\/sitio\/wp-json\/wp\/v2\/comments?post=48342"}],"version-history":[{"count":0,"href":"https:\/\/globalnewsmexico.com\/sitio\/wp-json\/wp\/v2\/posts\/48342\/revisions"}],"wp:featuredmedia":[{"embeddable":true,"href":"https:\/\/globalnewsmexico.com\/sitio\/wp-json\/wp\/v2\/media\/48343"}],"wp:attachment":[{"href":"https:\/\/globalnewsmexico.com\/sitio\/wp-json\/wp\/v2\/media?parent=48342"}],"wp:term":[{"taxonomy":"category","embeddable":true,"href":"https:\/\/globalnewsmexico.com\/sitio\/wp-json\/wp\/v2\/categories?post=48342"},{"taxonomy":"post_tag","embeddable":true,"href":"https:\/\/globalnewsmexico.com\/sitio\/wp-json\/wp\/v2\/tags?post=48342"}],"curies":[{"name":"wp","href":"https:\/\/api.w.org\/{rel}","templated":true}]}}