{"id":48470,"date":"2020-05-29T11:37:20","date_gmt":"2020-05-29T16:37:20","guid":{"rendered":"http:\/\/globalnewsmexico.com\/sitio\/?p=48470"},"modified":"2020-05-29T11:37:23","modified_gmt":"2020-05-29T16:37:23","slug":"amlo-se-hospedara-en-casas-del-ejercito-y-marina-o-en-casas-de-amigos","status":"publish","type":"post","link":"https:\/\/globalnewsmexico.com\/sitio\/amlo-se-hospedara-en-casas-del-ejercito-y-marina-o-en-casas-de-amigos\/","title":{"rendered":"AMLO se hospedar\u00e1 en casas del Ej\u00e9rcito y Marina o en casas de amigos"},"content":{"rendered":"\n<p>El presidente\u00a0Andr\u00e9s Manuel L\u00f3pez Obrador\u00a0revel\u00f3 que se encuentra valorando los sitios donde se hospedar\u00e1 durante su gira de trabajo por el sureste del pa\u00eds, en la que dar\u00e1n los banderazos de inicio a las\u00a0obras del Tren Maya\u00a0y la supresi\u00f3n de la refiner\u00eda de Dos Bocas.<\/p>\n\n\n\n<p>\u201cEstoy valorando en d\u00f3nde puedo hacerlo sin causar ninguna molestia, y cuidando la sana distancia y las medidas de higiene de salud qu\u00e9 debemos todos tomar en consideraci\u00f3n\u201d, se\u00f1al\u00f3 durante la\u00a0conferencia matutina.\u00a0<\/p>\n\n\n\n<p>En\u00a0Palacio Nacional\u00a0dijo que cuenta con opciones de usar casas oficiales o que algunos\u00a0amigos le den hospedaje.<\/p>\n\n\n\n<p>\u201c(Son una opci\u00f3n las zonas militares, se le pregunt\u00f3) puede ser, vamos a analizarlo, por lo pronto tengo tiempo todav\u00eda para pensarlo, lo que no quiero es dar un mal ejemplo, adem\u00e1s puedo tener opciones quedarme en casas de amigos que me den hospedaje por all\u00e1, o lo que dec\u00eda, en casas oficiales, ya sea de la\u00a0Defensa (Nacional), ya se de Marina, donde que se pueda, garantizando no generar concentraci\u00f3n de personas\u201d, afirm\u00f3.<\/p>\n\n\n\n<p>Fuente: El Heraldo de M\u00e9xico<\/p>\n\n\n\n<p><\/p>\n","protected":false},"excerpt":{"rendered":"<p>#Destacamos El presidente #Andr\u00e9sManuelL\u00f3pezObrador revel\u00f3 que podr\u00eda hospedarse en casas del #Ej\u00e9rcito o de amigos, durante su #gira por el sureste del pa\u00eds, en la que dar\u00e1n los #banderazos de inicio a las obras del #TrenMaya y la supresi\u00f3n de la #refiner\u00eda de #DosBocas.<\/p>\n","protected":false},"author":5,"featured_media":48471,"comment_status":"closed","ping_status":"open","sticky":false,"template":"","format":"standard","meta":{"spay_email":"","footnotes":""},"categories":[37,8,40,52],"tags":[],"jetpack_featured_media_url":"https:\/\/i2.wp.com\/globalnewsmexico.com\/sitio\/wp-content\/uploads\/2020\/05\/Captura-15.jpg?fit=1040%2C633&ssl=1","jetpack_sharing_enabled":true,"jetpack_shortlink":"https:\/\/wp.me\/p9yqPL-cBM","jetpack_likes_enabled":true,"_links":{"self":[{"href":"https:\/\/globalnewsmexico.com\/sitio\/wp-json\/wp\/v2\/posts\/48470"}],"collection":[{"href":"https:\/\/globalnewsmexico.com\/sitio\/wp-json\/wp\/v2\/posts"}],"about":[{"href":"https:\/\/globalnewsmexico.com\/sitio\/wp-json\/wp\/v2\/types\/post"}],"author":[{"embeddable":true,"href":"https:\/\/globalnewsmexico.com\/sitio\/wp-json\/wp\/v2\/users\/5"}],"replies":[{"embeddable":true,"href":"https:\/\/globalnewsmexico.com\/sitio\/wp-json\/wp\/v2\/comments?post=48470"}],"version-history":[{"count":0,"href":"https:\/\/globalnewsmexico.com\/sitio\/wp-json\/wp\/v2\/posts\/48470\/revisions"}],"wp:featuredmedia":[{"embeddable":true,"href":"https:\/\/globalnewsmexico.com\/sitio\/wp-json\/wp\/v2\/media\/48471"}],"wp:attachment":[{"href":"https:\/\/globalnewsmexico.com\/sitio\/wp-json\/wp\/v2\/media?parent=48470"}],"wp:term":[{"taxonomy":"category","embeddable":true,"href":"https:\/\/globalnewsmexico.com\/sitio\/wp-json\/wp\/v2\/categories?post=48470"},{"taxonomy":"post_tag","embeddable":true,"href":"https:\/\/globalnewsmexico.com\/sitio\/wp-json\/wp\/v2\/tags?post=48470"}],"curies":[{"name":"wp","href":"https:\/\/api.w.org\/{rel}","templated":true}]}}