{"id":48532,"date":"2020-05-30T12:17:34","date_gmt":"2020-05-30T17:17:34","guid":{"rendered":"http:\/\/globalnewsmexico.com\/sitio\/?p=48532"},"modified":"2020-05-30T12:17:42","modified_gmt":"2020-05-30T17:17:42","slug":"liberan-a-victima-de-secuestro-y-detienen-a-tres-presuntos-secuestradores","status":"publish","type":"post","link":"https:\/\/globalnewsmexico.com\/sitio\/liberan-a-victima-de-secuestro-y-detienen-a-tres-presuntos-secuestradores\/","title":{"rendered":"Liberan a v\u00edctima de secuestro y detienen a tres presuntos secuestradores"},"content":{"rendered":"\n<p>Como resultado de un trabajo de investigaci\u00f3n e inteligencia realizado por agentes de la Polic\u00eda Ministerial adscritos a la Unidad Especializada en Combate al Secuestro (UECS), en coordinaci\u00f3n con personal de la Agencia de Investigaci\u00f3n Criminal (AIC), perteneciente a la Fiscal\u00eda General de la Rep\u00fablica (FGR), fue rescatada una persona, quien era v\u00edctima de un secuestro en San Andr\u00e9s Tuxtla, Veracruz.<\/p>\n\n\n\n<p>En el operativo t\u00e1ctico especializado fueron detenidos \u00c1ngel \u201cN\u201d, Miguel Fabi\u00e1n \u201cN\u201d y Roberto \u201cN\u201d, quienes en las pr\u00f3ximas horas ser\u00e1n presentados ante la autoridad judicial.<\/p>\n\n\n\n<p>La v\u00edctima fue mantenida en cautiverio en el interior de una casa ubicada en la colonia Primero de Mayo, de este municipio, de donde fue rescatada y por su liberaci\u00f3n sus captores exig\u00edan una fuerte cantidad de dinero.<\/p>\n\n\n\n<p>Desde que se tuvo conocimiento de los hechos, la UECS dio inicio a una Carpeta de Investigaci\u00f3n y brind\u00f3 asesor\u00eda a los familiares a trav\u00e9s del departamento de Gesti\u00f3n en Crisis y Negociaci\u00f3n, con lo cual se evit\u00f3 el pago del dinero exigido por los probables secuestradores.<\/p>\n","protected":false},"excerpt":{"rendered":"<p>#Local La Unidad Especializada en Combate al Secuestro (#UECS) de #Veracruz, en coordinaci\u00f3n con personal de la Agencia de Investigaci\u00f3n Criminal (#AIC), rescat\u00f3 a una persona privada de la libertad en #SanAndr\u00e9sTuxtla.<\/p>\n","protected":false},"author":5,"featured_media":48533,"comment_status":"closed","ping_status":"open","sticky":false,"template":"","format":"standard","meta":{"spay_email":"","footnotes":""},"categories":[37,8,50,52],"tags":[],"jetpack_featured_media_url":"https:\/\/i2.wp.com\/globalnewsmexico.com\/sitio\/wp-content\/uploads\/2020\/05\/1c11c4f6-e234-4f63-9046-65703725c521.jpg?fit=1040%2C1040&ssl=1","jetpack_sharing_enabled":true,"jetpack_shortlink":"https:\/\/wp.me\/p9yqPL-cCM","jetpack_likes_enabled":true,"_links":{"self":[{"href":"https:\/\/globalnewsmexico.com\/sitio\/wp-json\/wp\/v2\/posts\/48532"}],"collection":[{"href":"https:\/\/globalnewsmexico.com\/sitio\/wp-json\/wp\/v2\/posts"}],"about":[{"href":"https:\/\/globalnewsmexico.com\/sitio\/wp-json\/wp\/v2\/types\/post"}],"author":[{"embeddable":true,"href":"https:\/\/globalnewsmexico.com\/sitio\/wp-json\/wp\/v2\/users\/5"}],"replies":[{"embeddable":true,"href":"https:\/\/globalnewsmexico.com\/sitio\/wp-json\/wp\/v2\/comments?post=48532"}],"version-history":[{"count":0,"href":"https:\/\/globalnewsmexico.com\/sitio\/wp-json\/wp\/v2\/posts\/48532\/revisions"}],"wp:featuredmedia":[{"embeddable":true,"href":"https:\/\/globalnewsmexico.com\/sitio\/wp-json\/wp\/v2\/media\/48533"}],"wp:attachment":[{"href":"https:\/\/globalnewsmexico.com\/sitio\/wp-json\/wp\/v2\/media?parent=48532"}],"wp:term":[{"taxonomy":"category","embeddable":true,"href":"https:\/\/globalnewsmexico.com\/sitio\/wp-json\/wp\/v2\/categories?post=48532"},{"taxonomy":"post_tag","embeddable":true,"href":"https:\/\/globalnewsmexico.com\/sitio\/wp-json\/wp\/v2\/tags?post=48532"}],"curies":[{"name":"wp","href":"https:\/\/api.w.org\/{rel}","templated":true}]}}