{"id":48584,"date":"2020-06-01T15:07:11","date_gmt":"2020-06-01T20:07:11","guid":{"rendered":"http:\/\/globalnewsmexico.com\/sitio\/?p=48584"},"modified":"2020-06-01T15:07:14","modified_gmt":"2020-06-01T20:07:14","slug":"policia-acusado-de-asesinar-a-george-floyd-aguarda-juicio-en-carcel-de-maxima-seguridad","status":"publish","type":"post","link":"https:\/\/globalnewsmexico.com\/sitio\/policia-acusado-de-asesinar-a-george-floyd-aguarda-juicio-en-carcel-de-maxima-seguridad\/","title":{"rendered":"Polic\u00eda acusado de asesinar a George Floyd aguarda juicio en c\u00e1rcel de m\u00e1xima seguridad"},"content":{"rendered":"\n<p>El exoficial de policia, Derek Chauvin, espera en una c\u00e1rcel estatal de m\u00e1xima seguridad el inicio de los procedimientos judiciales por el asesinato del afrodescendiente George Floyd, que ha desatado una ola de protestas en Estados Unidos.<\/p>\n\n\n\n<p>El exmiembro de la Polic\u00eda de Minnesota se encuentra en la prisi\u00f3n de m\u00e1xima seguridad de Oak Park Heigths, a donde lleg\u00f3 desde la prisi\u00f3n del condado de Hennepin, a la cual fue transferido desde la c\u00e1rcel del condado de Ramsey, donde fue internado tras su detenci\u00f3n.<\/p>\n\n\n\n<p>De acuerdo con el comisionado de Correcionales, Paul Schnell, las consecutivas transferencias obedecieron a que el gran n\u00famero de detenidos por las protestas en Minnesota generaron temores de contagios de coronavirus, se\u00f1al\u00f3 un reporte de la estaci\u00f3n local de la cadena CBS.<\/p>\n\n\n\n<p>La primera audiencia judicial del exoficial de polic\u00eda est\u00e1 prevista para el 8 de junio, en la cual se determinar\u00e1 su situaci\u00f3n legal por la muerte de Floyd, a quien presuntamente asfixi\u00f3 el 25 de mayo al mantenerlo en el piso por varios minutos, poniendo la rodilla sobre su cuello.<\/p>\n\n\n\n<p>Floyd es por ahora el \u00fanico que enfrenta cargos, pues otros tres polic\u00edas que participaron en la detenci\u00f3n del afrodescendiente no han sido acusados, aunque el fiscal del condado de Hennepin, Mike Freeman, adelant\u00f3 que habr\u00eda m\u00e1s enjuiciados.<\/p>\n\n\n\n<p>Se espera que este mismo lunes los abogados de Chauvin liberen los resultados de una autopsia independiente al cad\u00e1ver de Floyd, pues la realizada por el forense se\u00f1al\u00f3 que condiciones previas de salud y una posible intoxicaci\u00f3n, le hab\u00edan quitado la vida.<\/p>\n\n\n\n<p>Fuente: Notimex<\/p>\n","protected":false},"excerpt":{"rendered":"<p>#Mundo El exoficial de #policia, Derek Chauvin, espera en una #c\u00e1rcel estatal de m\u00e1xima seguridad el inicio de los procedimientos judiciales por el asesinato del afrodescendiente #GeorgeFloyd, que ha desatado una ola de #protestas en #EstadosUnidos.<\/p>\n","protected":false},"author":5,"featured_media":48585,"comment_status":"closed","ping_status":"open","sticky":false,"template":"","format":"standard","meta":{"spay_email":"","footnotes":""},"categories":[37,8,48,52],"tags":[],"jetpack_featured_media_url":"https:\/\/i1.wp.com\/globalnewsmexico.com\/sitio\/wp-content\/uploads\/2020\/06\/1104243.jpg?fit=1024%2C653&ssl=1","jetpack_sharing_enabled":true,"jetpack_shortlink":"https:\/\/wp.me\/p9yqPL-cDC","jetpack_likes_enabled":true,"_links":{"self":[{"href":"https:\/\/globalnewsmexico.com\/sitio\/wp-json\/wp\/v2\/posts\/48584"}],"collection":[{"href":"https:\/\/globalnewsmexico.com\/sitio\/wp-json\/wp\/v2\/posts"}],"about":[{"href":"https:\/\/globalnewsmexico.com\/sitio\/wp-json\/wp\/v2\/types\/post"}],"author":[{"embeddable":true,"href":"https:\/\/globalnewsmexico.com\/sitio\/wp-json\/wp\/v2\/users\/5"}],"replies":[{"embeddable":true,"href":"https:\/\/globalnewsmexico.com\/sitio\/wp-json\/wp\/v2\/comments?post=48584"}],"version-history":[{"count":0,"href":"https:\/\/globalnewsmexico.com\/sitio\/wp-json\/wp\/v2\/posts\/48584\/revisions"}],"wp:featuredmedia":[{"embeddable":true,"href":"https:\/\/globalnewsmexico.com\/sitio\/wp-json\/wp\/v2\/media\/48585"}],"wp:attachment":[{"href":"https:\/\/globalnewsmexico.com\/sitio\/wp-json\/wp\/v2\/media?parent=48584"}],"wp:term":[{"taxonomy":"category","embeddable":true,"href":"https:\/\/globalnewsmexico.com\/sitio\/wp-json\/wp\/v2\/categories?post=48584"},{"taxonomy":"post_tag","embeddable":true,"href":"https:\/\/globalnewsmexico.com\/sitio\/wp-json\/wp\/v2\/tags?post=48584"}],"curies":[{"name":"wp","href":"https:\/\/api.w.org\/{rel}","templated":true}]}}