{"id":48617,"date":"2020-06-02T11:15:02","date_gmt":"2020-06-02T16:15:02","guid":{"rendered":"http:\/\/globalnewsmexico.com\/sitio\/?p=48617"},"modified":"2020-06-02T11:15:08","modified_gmt":"2020-06-02T16:15:08","slug":"amlo-estima-perdida-de-menos-de-350-mil-empleos-en-mayo-por-coronavirus","status":"publish","type":"post","link":"https:\/\/globalnewsmexico.com\/sitio\/amlo-estima-perdida-de-menos-de-350-mil-empleos-en-mayo-por-coronavirus\/","title":{"rendered":"AMLO estima p\u00e9rdida de menos de 350 mil empleos en mayo por coronavirus"},"content":{"rendered":"\n<p>El presidente Andr\u00e9s Manuel L\u00f3pez Obrador estim\u00f3 una\u00a0p\u00e9rdida de\u00a0menos de 350 mil empleos\u00a0en mayo, ante la crisis por la emergencia sanitaria de coronavirus en M\u00e9xico, en contraste con\u00a0abril, cuando se reportaron 550 mil trabajos\u00a0menos, de acuerdo con el reporte que le adelant\u00f3 el Instituto Mexicano del Seguro Social (IMSS).\u00a0<\/p>\n\n\n\n<p>\u00abDe acuerdo a los datos del IMSS,\u00a0se perdieron 550 mil empleos; de 20 millones 500 mil trabajadores\u00a0inscritos en el Seguro se perdieron en abril 550 mil, quedaron menos de 20 millones.<\/p>\n\n\n\n<p>Pero ya el dato que tengo adelantado, que\u00a0se va a dar a conocer para el 12 de junio, hablan de una disminuci\u00f3n de la p\u00e9rdida de empleo, vamos a perder menos de 350 mil empleos en mayo, en abril repito se perdieron 550 mil y en mayo no va a llegar a 350 mil\u00bb, dijo.\u00a0<\/p>\n\n\n\n<p>En\u00a0<u>La Ma\u00f1anera<\/u>\u00a0desde M\u00e9rida, Yucat\u00e1n, durante el segundo d\u00eda de la &#8216;nueva normalidad&#8217;, el presidente afirm\u00f3 que no se va a superar el mill\u00f3n en la p\u00e9rdida de empleos por la pandemia de Covid-19 en el pa\u00eds, por lo que reiter\u00f3 que se entregan cr\u00e9ditos a peque\u00f1as empresas para enfrentar la crisis y se generar\u00e1n dos millones de nuevos empleos.\u00a0<\/p>\n\n\n\n<p>\u00abPor eso la gira en el sureste para\u00a0i<u>naugurar las obras del Tren Maya<\/u>,\u00a0que solo en este a\u00f1o va a generar 80 mil empleos\u00bb, agreg\u00f3.\u00a0<\/p>\n\n\n\n<p>L\u00f3pez Obrador indic\u00f3 que prev\u00e9 que\u00a0abril-junio ser\u00e1 el trimestre \u00abm\u00e1s dif\u00edcil\u00bb de la econom\u00eda mexicana, motivo por el cual la recuperaci\u00f3n iniciar\u00e1 este mes, lo que \u00abse va a notar m\u00e1s de julio a diciembre\u00bb.\u00a0<\/p>\n\n\n\n<p>\u00abHay indicadores favorables, ya se est\u00e1 reiniciando la industria de la construcci\u00f3n, la miner\u00eda, la automotriz; vamos a tener una recaudaci\u00f3n superior de alrededor de 60 mil millones de pesos en relaci\u00f3n al mismo periodo del a\u00f1o pasado\u00bb, asegur\u00f3.\u00a0<\/p>\n\n\n\n<p>Fuente: Milenio<\/p>\n","protected":false},"excerpt":{"rendered":"<p>#Nacional El presidente #Andr\u00e9sManuelL\u00f3pezObrador estim\u00f3 una #p\u00e9rdida de menos de 350 mil #empleos en mayo, ante la #crisis por la #EmergenciaSanitaria de #coronavirus en #M\u00e9xico, seg\u00fan el reporte que le adelant\u00f3 el #IMSS.<\/p>\n","protected":false},"author":5,"featured_media":48618,"comment_status":"closed","ping_status":"open","sticky":false,"template":"","format":"standard","meta":{"spay_email":"","footnotes":""},"categories":[37,8,39,52],"tags":[],"jetpack_featured_media_url":"https:\/\/i2.wp.com\/globalnewsmexico.com\/sitio\/wp-content\/uploads\/2020\/06\/DESEMPLEO__1_.jpg?fit=1068%2C673&ssl=1","jetpack_sharing_enabled":true,"jetpack_shortlink":"https:\/\/wp.me\/p9yqPL-cE9","jetpack_likes_enabled":true,"_links":{"self":[{"href":"https:\/\/globalnewsmexico.com\/sitio\/wp-json\/wp\/v2\/posts\/48617"}],"collection":[{"href":"https:\/\/globalnewsmexico.com\/sitio\/wp-json\/wp\/v2\/posts"}],"about":[{"href":"https:\/\/globalnewsmexico.com\/sitio\/wp-json\/wp\/v2\/types\/post"}],"author":[{"embeddable":true,"href":"https:\/\/globalnewsmexico.com\/sitio\/wp-json\/wp\/v2\/users\/5"}],"replies":[{"embeddable":true,"href":"https:\/\/globalnewsmexico.com\/sitio\/wp-json\/wp\/v2\/comments?post=48617"}],"version-history":[{"count":0,"href":"https:\/\/globalnewsmexico.com\/sitio\/wp-json\/wp\/v2\/posts\/48617\/revisions"}],"wp:featuredmedia":[{"embeddable":true,"href":"https:\/\/globalnewsmexico.com\/sitio\/wp-json\/wp\/v2\/media\/48618"}],"wp:attachment":[{"href":"https:\/\/globalnewsmexico.com\/sitio\/wp-json\/wp\/v2\/media?parent=48617"}],"wp:term":[{"taxonomy":"category","embeddable":true,"href":"https:\/\/globalnewsmexico.com\/sitio\/wp-json\/wp\/v2\/categories?post=48617"},{"taxonomy":"post_tag","embeddable":true,"href":"https:\/\/globalnewsmexico.com\/sitio\/wp-json\/wp\/v2\/tags?post=48617"}],"curies":[{"name":"wp","href":"https:\/\/api.w.org\/{rel}","templated":true}]}}