{"id":48637,"date":"2020-06-02T14:33:02","date_gmt":"2020-06-02T19:33:02","guid":{"rendered":"http:\/\/globalnewsmexico.com\/sitio\/?p=48637"},"modified":"2020-06-02T14:33:05","modified_gmt":"2020-06-02T19:33:05","slug":"segob-pide-a-gobernadores-coordinacion-para-reactivacion-economica","status":"publish","type":"post","link":"https:\/\/globalnewsmexico.com\/sitio\/segob-pide-a-gobernadores-coordinacion-para-reactivacion-economica\/","title":{"rendered":"Segob pide a gobernadores coordinaci\u00f3n para reactivaci\u00f3n econ\u00f3mica"},"content":{"rendered":"\n<p>El Gobierno federal analiza con los gobernadores estatales las estrategias para la reactivaci\u00f3n econ\u00f3mica, adem\u00e1s de la ubicaci\u00f3n de cada entidad en el sem\u00e1foro, para terminar paulatinamente con el confinamiento por los riesgos de\u00a0contagio de Covid-19.<\/p>\n\n\n\n<p>En reuni\u00f3n virtual con la\u00a0Conferencia Nacional de Gobernadores (Conago), la secretaria de Gobernaci\u00f3n, Olga S\u00e1nchez Cordero, pidi\u00f3 a los mandatarios locales coordinaci\u00f3n y di\u00e1logo.<\/p>\n\n\n\n<p>\u201cDebemos trabajar en conjunto y llegar a acuerdo, para que esta actividad econ\u00f3mica se reanude lo antes posible. Lo m\u00e1s importante es di\u00e1logo que podemos sostener en esta reuni\u00f3n de acuerdo a como est\u00e9n ustedes viendo el tema del sem\u00e1foro en sus entidades federativas\u201d, coment\u00f3 la titular de la Segob.<\/p>\n\n\n\n<p>El encuentro se realiza en privado, y solo se difundi\u00f3 un breve mensaje de inicio de la secretaria de Gobernaci\u00f3n.<\/p>\n\n\n\n<p>\u201cHoy sostendremos una reuni\u00f3n de trabajo virtual con el objetivo prioritario de mantener coordinaci\u00f3n de las acciones para reactivar las actividades econ\u00f3micas conforme a lo dispuesto a la nueva normalidad.<\/p>\n\n\n\n<p>La consecuencia de la pandemia ha sido restructurar muchas actividades cotidianas de la ciudadan\u00eda y gobierno (\u2026) Debemos coordinarnos y llegar a acuerdos para que podamos ir reanudando con estrategias y paulatinamente la actividad econ\u00f3mica de nuestro pa\u00eds\u201d.<\/p>\n\n\n\n<p>En la reuni\u00f3n digital participa, adem\u00e1s de S\u00e1nchez Cordero, los secretarios de Econom\u00eda, Graciela M\u00e1rquez; de Salud, Jorge Alcocer; de Trabajo, Luis Mar\u00eda Alcalde; el subsecretario de Prevenci\u00f3n y Promoci\u00f3n de la Salud, Hugo L\u00f3pez-Gatell; as\u00ed como le director del Instituto Mexicano del Seguro Social, Zo\u00e9 Robledo, entre otros funcionarios.<\/p>\n\n\n\n<p>Fuente: Milenio<\/p>\n","protected":false},"excerpt":{"rendered":"<p>#Nacional El Gobierno federal analiza con los #gobernadores estatales las estrategias para la #reactivaci\u00f3n econ\u00f3mica, adem\u00e1s de la ubicaci\u00f3n de cada entidad en el #sem\u00e1foro, para terminar paulatinamente con el #confinamiento por los riesgos de #contagio de #Covid19.<\/p>\n","protected":false},"author":5,"featured_media":48638,"comment_status":"closed","ping_status":"open","sticky":false,"template":"","format":"standard","meta":{"spay_email":"","footnotes":""},"categories":[37,8,40,52],"tags":[],"jetpack_featured_media_url":"https:\/\/i2.wp.com\/globalnewsmexico.com\/sitio\/wp-content\/uploads\/2020\/06\/analiza-segob-conago-reanudacion-economica_0_39_958_596.jpeg?fit=958%2C596&ssl=1","jetpack_sharing_enabled":true,"jetpack_shortlink":"https:\/\/wp.me\/p9yqPL-cEt","jetpack_likes_enabled":true,"_links":{"self":[{"href":"https:\/\/globalnewsmexico.com\/sitio\/wp-json\/wp\/v2\/posts\/48637"}],"collection":[{"href":"https:\/\/globalnewsmexico.com\/sitio\/wp-json\/wp\/v2\/posts"}],"about":[{"href":"https:\/\/globalnewsmexico.com\/sitio\/wp-json\/wp\/v2\/types\/post"}],"author":[{"embeddable":true,"href":"https:\/\/globalnewsmexico.com\/sitio\/wp-json\/wp\/v2\/users\/5"}],"replies":[{"embeddable":true,"href":"https:\/\/globalnewsmexico.com\/sitio\/wp-json\/wp\/v2\/comments?post=48637"}],"version-history":[{"count":0,"href":"https:\/\/globalnewsmexico.com\/sitio\/wp-json\/wp\/v2\/posts\/48637\/revisions"}],"wp:featuredmedia":[{"embeddable":true,"href":"https:\/\/globalnewsmexico.com\/sitio\/wp-json\/wp\/v2\/media\/48638"}],"wp:attachment":[{"href":"https:\/\/globalnewsmexico.com\/sitio\/wp-json\/wp\/v2\/media?parent=48637"}],"wp:term":[{"taxonomy":"category","embeddable":true,"href":"https:\/\/globalnewsmexico.com\/sitio\/wp-json\/wp\/v2\/categories?post=48637"},{"taxonomy":"post_tag","embeddable":true,"href":"https:\/\/globalnewsmexico.com\/sitio\/wp-json\/wp\/v2\/tags?post=48637"}],"curies":[{"name":"wp","href":"https:\/\/api.w.org\/{rel}","templated":true}]}}