{"id":48683,"date":"2020-06-03T14:36:57","date_gmt":"2020-06-03T19:36:57","guid":{"rendered":"http:\/\/globalnewsmexico.com\/sitio\/?p=48683"},"modified":"2020-06-03T14:37:03","modified_gmt":"2020-06-03T19:37:03","slug":"gobernador-de-queretaro-rechaza-semaforo-de-coronavirus","status":"publish","type":"post","link":"https:\/\/globalnewsmexico.com\/sitio\/gobernador-de-queretaro-rechaza-semaforo-de-coronavirus\/","title":{"rendered":"Gobernador de Quer\u00e9taro rechaza sem\u00e1foro de coronavirus"},"content":{"rendered":"\n<p>El gobernador de Quer\u00e9taro, Francisco Dom\u00ednguez,\u00a0rechaz\u00f3 el sem\u00e1foro del coronavirus\u00a0que busca implementar el Gobierno federal para la nueva normalidad en la Megal\u00f3polis del pa\u00eds.<\/p>\n\n\n\n<p>En su cuenta de Twitter, solicit\u00f3 a las autoridades federales que omitan hacer p\u00fablica la medici\u00f3n del sistema, que define la situaci\u00f3n que se vive en las entidades debido a\u00a0su alta interacci\u00f3n social\u00a0frente a la pandemia generada por el virus\u00a0<u>covid-19<\/u>.<\/p>\n\n\n\n<p>\u00abQuer\u00e9taro no ha aceptado utilizar el sem\u00e1foro \u00fanico de la megal\u00f3polis; solicito respetuosamente a la autoridad sanitaria se abstenga de publicar dicho sem\u00e1foro,\u00a0sin nuestro pleno consenso y consentimiento\u201d, escribi\u00f3 en la red social.<\/p>\n\n\n\n<p>Destac\u00f3 que espera que a la brevedad puedan alcanzar los acuerdos, entre los estados que integran a la megal\u00f3polis.<\/p>\n\n\n\n<p>\u201cSeguiremos actuando con vocaci\u00f3n federalista, atendiendo la realidad de nuestro estado durante la evoluci\u00f3n de la contingencia por covid-19; conf\u00edo en que alcanzaremos los acuerdos pertinentes\u201d, dijo.<\/p>\n\n\n\n<p>Fuente: Milenio<\/p>\n","protected":false},"excerpt":{"rendered":"<p>#M\u00e9xico El gobernador de #Quer\u00e9taro, #FranciscoDom\u00ednguez, rechaz\u00f3 el #sem\u00e1foro del #coronavirus que busca implementar el Gobierno federal para la #NuevaNormalidad en la Megal\u00f3polis del pa\u00eds.<\/p>\n","protected":false},"author":5,"featured_media":48684,"comment_status":"closed","ping_status":"open","sticky":false,"template":"","format":"standard","meta":{"spay_email":"","footnotes":""},"categories":[37,8,49,52],"tags":[],"jetpack_featured_media_url":"https:\/\/i0.wp.com\/globalnewsmexico.com\/sitio\/wp-content\/uploads\/2020\/06\/francisco-dominguez-comunico-informacion-redes_0_43_958_596.jpeg?fit=958%2C596&ssl=1","jetpack_sharing_enabled":true,"jetpack_shortlink":"https:\/\/wp.me\/p9yqPL-cFd","jetpack_likes_enabled":true,"_links":{"self":[{"href":"https:\/\/globalnewsmexico.com\/sitio\/wp-json\/wp\/v2\/posts\/48683"}],"collection":[{"href":"https:\/\/globalnewsmexico.com\/sitio\/wp-json\/wp\/v2\/posts"}],"about":[{"href":"https:\/\/globalnewsmexico.com\/sitio\/wp-json\/wp\/v2\/types\/post"}],"author":[{"embeddable":true,"href":"https:\/\/globalnewsmexico.com\/sitio\/wp-json\/wp\/v2\/users\/5"}],"replies":[{"embeddable":true,"href":"https:\/\/globalnewsmexico.com\/sitio\/wp-json\/wp\/v2\/comments?post=48683"}],"version-history":[{"count":0,"href":"https:\/\/globalnewsmexico.com\/sitio\/wp-json\/wp\/v2\/posts\/48683\/revisions"}],"wp:featuredmedia":[{"embeddable":true,"href":"https:\/\/globalnewsmexico.com\/sitio\/wp-json\/wp\/v2\/media\/48684"}],"wp:attachment":[{"href":"https:\/\/globalnewsmexico.com\/sitio\/wp-json\/wp\/v2\/media?parent=48683"}],"wp:term":[{"taxonomy":"category","embeddable":true,"href":"https:\/\/globalnewsmexico.com\/sitio\/wp-json\/wp\/v2\/categories?post=48683"},{"taxonomy":"post_tag","embeddable":true,"href":"https:\/\/globalnewsmexico.com\/sitio\/wp-json\/wp\/v2\/tags?post=48683"}],"curies":[{"name":"wp","href":"https:\/\/api.w.org\/{rel}","templated":true}]}}