{"id":48741,"date":"2020-06-04T15:37:33","date_gmt":"2020-06-04T20:37:33","guid":{"rendered":"http:\/\/globalnewsmexico.com\/sitio\/?p=48741"},"modified":"2020-06-04T15:37:36","modified_gmt":"2020-06-04T20:37:36","slug":"colectivo-solecito-pide-a-fgr-agilizar-extradicion-de-karime-macias","status":"publish","type":"post","link":"https:\/\/globalnewsmexico.com\/sitio\/colectivo-solecito-pide-a-fgr-agilizar-extradicion-de-karime-macias\/","title":{"rendered":"Colectivo Solecito pide a FGR agilizar extradici\u00f3n de Karime Mac\u00edas"},"content":{"rendered":"\n<p>La fundadora del Colectivo Solecito, Luc\u00eda D\u00edaz Genao, pidi\u00f3 a la Fiscal\u00eda General de la Rep\u00fablica (FGR) agilizar la extradici\u00f3n de Karime Mac\u00edas, exesposa del exgobernador de Veracruz, Javier Duarte.<\/p>\n\n\n\n<p>Se\u00f1al\u00f3 que no hay un caso particular con ella respecto a las desapariciones, pero: \u00abPor todos los casos, en el colectivo tenemos m\u00e1s casos\u00a0que fueron producto de la Polic\u00eda bajo el r\u00e9gimen de Javier Duarte, que fueron j\u00f3venes privados de la libertad y hoy en d\u00eda no tenemos noticias de su paradero\u00bb, se\u00f1al\u00f3.<\/p>\n\n\n\n<p>Destac\u00f3 que: \u00abElla no puede decirse inocente de todo esto, ella si no por unas razones, por otras, ella fue una c\u00f3mplice de las fechor\u00edas de su marido; hay que enjuiciarla, no es por un caso en particular, son muchas las que se les pueden imputar, pedimos que la Fiscal\u00eda proceda y de manera eficaz\u00bb.<\/p>\n\n\n\n<p>Se\u00f1al\u00f3 que a\u00fan no cantan victoria de que habr\u00e1 justicia, pues recientemente a Javier Duarte le\u00a0regresaron los bienes y eso no es buen augurio, por lo que desde Solecito seguir\u00e1n exigiendo que se sigan las investigaciones.<\/p>\n\n\n\n<p>Fuente: Xeu Noticias<\/p>\n","protected":false},"excerpt":{"rendered":"<p>#Estado La fundadora del #ColectivoSolecito, Luc\u00eda D\u00edaz Genao, pidi\u00f3 a la Fiscal\u00eda General de la Rep\u00fablica (#FGR) agilizar la #extradici\u00f3n de #KarimeMac\u00edas, exesposa del exgobernador de #Veracruz, #JavierDuarte.<\/p>\n","protected":false},"author":5,"featured_media":48742,"comment_status":"closed","ping_status":"open","sticky":false,"template":"","format":"standard","meta":{"spay_email":"","footnotes":""},"categories":[37,8,50,52],"tags":[],"jetpack_featured_media_url":"https:\/\/i1.wp.com\/globalnewsmexico.com\/sitio\/wp-content\/uploads\/2020\/06\/1104817.jpg?fit=1024%2C683&ssl=1","jetpack_sharing_enabled":true,"jetpack_shortlink":"https:\/\/wp.me\/p9yqPL-cG9","jetpack_likes_enabled":true,"_links":{"self":[{"href":"https:\/\/globalnewsmexico.com\/sitio\/wp-json\/wp\/v2\/posts\/48741"}],"collection":[{"href":"https:\/\/globalnewsmexico.com\/sitio\/wp-json\/wp\/v2\/posts"}],"about":[{"href":"https:\/\/globalnewsmexico.com\/sitio\/wp-json\/wp\/v2\/types\/post"}],"author":[{"embeddable":true,"href":"https:\/\/globalnewsmexico.com\/sitio\/wp-json\/wp\/v2\/users\/5"}],"replies":[{"embeddable":true,"href":"https:\/\/globalnewsmexico.com\/sitio\/wp-json\/wp\/v2\/comments?post=48741"}],"version-history":[{"count":0,"href":"https:\/\/globalnewsmexico.com\/sitio\/wp-json\/wp\/v2\/posts\/48741\/revisions"}],"wp:featuredmedia":[{"embeddable":true,"href":"https:\/\/globalnewsmexico.com\/sitio\/wp-json\/wp\/v2\/media\/48742"}],"wp:attachment":[{"href":"https:\/\/globalnewsmexico.com\/sitio\/wp-json\/wp\/v2\/media?parent=48741"}],"wp:term":[{"taxonomy":"category","embeddable":true,"href":"https:\/\/globalnewsmexico.com\/sitio\/wp-json\/wp\/v2\/categories?post=48741"},{"taxonomy":"post_tag","embeddable":true,"href":"https:\/\/globalnewsmexico.com\/sitio\/wp-json\/wp\/v2\/tags?post=48741"}],"curies":[{"name":"wp","href":"https:\/\/api.w.org\/{rel}","templated":true}]}}