{"id":48771,"date":"2020-06-05T11:12:30","date_gmt":"2020-06-05T16:12:30","guid":{"rendered":"http:\/\/globalnewsmexico.com\/sitio\/?p=48771"},"modified":"2020-06-05T11:12:35","modified_gmt":"2020-06-05T16:12:35","slug":"segob-presenta-a-cidh-un-informe-sobre-incendio-de-la-guarderia-abc","status":"publish","type":"post","link":"https:\/\/globalnewsmexico.com\/sitio\/segob-presenta-a-cidh-un-informe-sobre-incendio-de-la-guarderia-abc\/","title":{"rendered":"Segob presenta a CIDH un informe sobre incendio de la Guarder\u00eda ABC"},"content":{"rendered":"\n<p>El subsecretario de Derechos Humanos de la Secretar\u00eda de Gobernaci\u00f3n, Alejandro Encinas, dio a conocer que se present\u00f3 un informe a la Comisi\u00f3n Interamericana de Derechos Humanos (CIDH) sobre lo sucedido con el incendio de la Guarder\u00eda ABC.<\/p>\n\n\n\n<p>En conferencia de prensa ma\u00f1anera desde Tabasco, Alejandro Encinas expres\u00f3:<\/p>\n\n\n\n<p>\u201cEl pasado 27 de mayo de 2020, a trav\u00e9s de la Secretar\u00eda de Relaciones Exteriores y en coordinaci\u00f3n con la Secretar\u00eda de Gobernaci\u00f3n, hemos presentado un informe amplio y puntual sobre los hechos que, a juicio nuestro, deben resolverse en el \u00e1mbito de la jurisdicci\u00f3n internacional. Nos allanaremos a la resoluci\u00f3n de la Comisi\u00f3n Interamericana de Derechos Humanos\u201d.<\/p>\n\n\n\n<p>Aunado a esto, dijo que la Suprema Corte de Justicia de la Naci\u00f3n resolver\u00e1 la pr\u00f3xima semana tres casos relacionados con el incendio de la Guarder\u00eda ABC, con relaci\u00f3n a la inconformidad con los montos de las reparaciones otorgadas.<\/p>\n\n\n\n<p>Fuente: Xeu Noticias<\/p>\n","protected":false},"excerpt":{"rendered":"<p>#Nacional El subsecretario de Derechos Humanos de la Secretar\u00eda de Gobernaci\u00f3n, #AlejandroEncinas, dio a conocer que se present\u00f3 un #informe a la Comisi\u00f3n Interamericana de Derechos Humanos (#CIDH) sobre lo sucedido con el #incendio de la #Guarder\u00edaABC.<\/p>\n","protected":false},"author":5,"featured_media":48772,"comment_status":"closed","ping_status":"open","sticky":false,"template":"","format":"standard","meta":{"spay_email":"","footnotes":""},"categories":[37,8,39,52],"tags":[],"jetpack_featured_media_url":"https:\/\/i1.wp.com\/globalnewsmexico.com\/sitio\/wp-content\/uploads\/2020\/06\/1104970.jpg?fit=1024%2C683&ssl=1","jetpack_sharing_enabled":true,"jetpack_shortlink":"https:\/\/wp.me\/p9yqPL-cGD","jetpack_likes_enabled":true,"_links":{"self":[{"href":"https:\/\/globalnewsmexico.com\/sitio\/wp-json\/wp\/v2\/posts\/48771"}],"collection":[{"href":"https:\/\/globalnewsmexico.com\/sitio\/wp-json\/wp\/v2\/posts"}],"about":[{"href":"https:\/\/globalnewsmexico.com\/sitio\/wp-json\/wp\/v2\/types\/post"}],"author":[{"embeddable":true,"href":"https:\/\/globalnewsmexico.com\/sitio\/wp-json\/wp\/v2\/users\/5"}],"replies":[{"embeddable":true,"href":"https:\/\/globalnewsmexico.com\/sitio\/wp-json\/wp\/v2\/comments?post=48771"}],"version-history":[{"count":0,"href":"https:\/\/globalnewsmexico.com\/sitio\/wp-json\/wp\/v2\/posts\/48771\/revisions"}],"wp:featuredmedia":[{"embeddable":true,"href":"https:\/\/globalnewsmexico.com\/sitio\/wp-json\/wp\/v2\/media\/48772"}],"wp:attachment":[{"href":"https:\/\/globalnewsmexico.com\/sitio\/wp-json\/wp\/v2\/media?parent=48771"}],"wp:term":[{"taxonomy":"category","embeddable":true,"href":"https:\/\/globalnewsmexico.com\/sitio\/wp-json\/wp\/v2\/categories?post=48771"},{"taxonomy":"post_tag","embeddable":true,"href":"https:\/\/globalnewsmexico.com\/sitio\/wp-json\/wp\/v2\/tags?post=48771"}],"curies":[{"name":"wp","href":"https:\/\/api.w.org\/{rel}","templated":true}]}}