{"id":48804,"date":"2020-06-05T21:37:26","date_gmt":"2020-06-06T02:37:26","guid":{"rendered":"http:\/\/globalnewsmexico.com\/sitio\/?p=48804"},"modified":"2020-06-05T21:37:30","modified_gmt":"2020-06-06T02:37:30","slug":"reactivacion-del-sureste-de-veracruz-una-realidad-victor-carranza","status":"publish","type":"post","link":"https:\/\/globalnewsmexico.com\/sitio\/reactivacion-del-sureste-de-veracruz-una-realidad-victor-carranza\/","title":{"rendered":"Reactivaci\u00f3n del sureste de Veracruz, una realidad: V\u00edctor Carranza"},"content":{"rendered":"\n<p>La visita del presidente de la Rep\u00fablica, Andr\u00e9s Manuel L\u00f3pez Obrador, al sur de Veracruz, es sin duda un importante indicador que se\u00f1ala la reactivaci\u00f3n econ\u00f3mica del sureste mexicano, afirm\u00f3 el alcalde de Coatzacoalcos, V\u00edctor Manuel Carranza Rosaldo.<\/p>\n\n\n\n<p>El presidente municipal agradeci\u00f3 que nuevamente se tome en cuenta a Coatzacoalcos para las obras prioritarias de la naci\u00f3n, en especial al Complejo Petroqu\u00edmico Cangrejera, donde se construir\u00e1 un tren de refinaci\u00f3n.<\/p>\n\n\n\n<p>Carranza Rosaldo refiri\u00f3 que el hecho de incluir a Cangrejera y la Refiner\u00eda General L\u00e1zaro C\u00e1rdenas Del R\u00edo habla del compromiso del presidente Andr\u00e9s Manuel L\u00f3pez Obrador al tomar en cuenta a los trabajadores de Petr\u00f3leos Mexicanos.<\/p>\n\n\n\n<p>El recorrido del mandatario nacional por suelos veracruzanos es para supervisar el avance de las obras prioritarias para la naci\u00f3n, como la ampliaci\u00f3n del puerto de Coatzacoalcos, pieza clave para uno de los proyectos m\u00e1s ambiciosos de la administraci\u00f3n federal, el \u201cCorredor Interoce\u00e1nico del Istmo de Tehuantepec\u201d, ma\u00f1ana s\u00e1bado supervisar\u00e1 rehabilitaci\u00f3n del Sistema Nacional de Refinaci\u00f3n en la \u201cRefinar\u00eda General L\u00e1zaro C\u00e1rdenas del R\u00edo\u201d y en el Complejo Petroqu\u00edmico \u201cLa Cangrejera\u201d en Minatitl\u00e1n y Coatzacoalcos respectivamente.<\/p>\n\n\n\n<p>Sin duda el programa de rehabilitaci\u00f3n del Sistema Nacional de Refinaci\u00f3n en el sureste de M\u00e9xico es uno m\u00e1s de los proyectos insignia de esta administraci\u00f3n federal, que busca consolidar la soberan\u00eda energ\u00e9tica del pa\u00eds, impulsada desde la Secretar\u00eda de Energ\u00eda, por su Titular la Ingeniero Roc\u00edo Nahle Garc\u00eda, amiga y aliada de Coatzacoalcos.<\/p>\n\n\n\n<p>La visita del Presidente Andr\u00e9s Manuel L\u00f3pez Obrador llega en un momento crucial para el sureste mexicano, que hoy m\u00e1s que nunca en la historia se encamina hacia un nuevo despertar, durante este evento estuvieron presentes la Secretaria de Energ\u00eda Roc\u00edo Nahle Garc\u00eda, el Gobernador de Veracruz Ingeniero Cuitl\u00e1huac Garc\u00eda Jim\u00e9nez, el Director General del Corredor Interoce\u00e1nico del Istmo de Tehuantepec Rafael Mar\u00edn Mollinedo, Director General de la Administraci\u00f3n Portuaria Integral de Coatzacoalcos Luis Antonio Luna Rosales, Secretario de Marina Almirante Jos\u00e9 Rafael Ojeda Duran y Jefe de la Unidad de Infraestructura y Transportes del Corredor Interoce\u00e1nico del Istmo de Tehuantepec Herman Deutsch Espino.<\/p>\n","protected":false},"excerpt":{"rendered":"<p>#Destacamos La visita del presidente de la Rep\u00fablica, #Andr\u00e9sManuelL\u00f3pezObrador, al sur de #Veracruz, es sin duda un importante indicador que se\u00f1ala la #reactivaci\u00f3n econ\u00f3mica del sureste mexicano, afirm\u00f3 el alcalde de #Coatzacoalcos, #V\u00edctorManuelCarranzaRosaldo.<\/p>\n","protected":false},"author":5,"featured_media":48805,"comment_status":"closed","ping_status":"open","sticky":false,"template":"","format":"standard","meta":{"spay_email":"","footnotes":""},"categories":[37,8,50,52],"tags":[],"jetpack_featured_media_url":"https:\/\/i1.wp.com\/globalnewsmexico.com\/sitio\/wp-content\/uploads\/2020\/06\/03895dbc-e775-43cd-a5c3-ea13f8c9a68d.jpg?fit=1280%2C854&ssl=1","jetpack_sharing_enabled":true,"jetpack_shortlink":"https:\/\/wp.me\/p9yqPL-cHa","jetpack_likes_enabled":true,"_links":{"self":[{"href":"https:\/\/globalnewsmexico.com\/sitio\/wp-json\/wp\/v2\/posts\/48804"}],"collection":[{"href":"https:\/\/globalnewsmexico.com\/sitio\/wp-json\/wp\/v2\/posts"}],"about":[{"href":"https:\/\/globalnewsmexico.com\/sitio\/wp-json\/wp\/v2\/types\/post"}],"author":[{"embeddable":true,"href":"https:\/\/globalnewsmexico.com\/sitio\/wp-json\/wp\/v2\/users\/5"}],"replies":[{"embeddable":true,"href":"https:\/\/globalnewsmexico.com\/sitio\/wp-json\/wp\/v2\/comments?post=48804"}],"version-history":[{"count":0,"href":"https:\/\/globalnewsmexico.com\/sitio\/wp-json\/wp\/v2\/posts\/48804\/revisions"}],"wp:featuredmedia":[{"embeddable":true,"href":"https:\/\/globalnewsmexico.com\/sitio\/wp-json\/wp\/v2\/media\/48805"}],"wp:attachment":[{"href":"https:\/\/globalnewsmexico.com\/sitio\/wp-json\/wp\/v2\/media?parent=48804"}],"wp:term":[{"taxonomy":"category","embeddable":true,"href":"https:\/\/globalnewsmexico.com\/sitio\/wp-json\/wp\/v2\/categories?post=48804"},{"taxonomy":"post_tag","embeddable":true,"href":"https:\/\/globalnewsmexico.com\/sitio\/wp-json\/wp\/v2\/tags?post=48804"}],"curies":[{"name":"wp","href":"https:\/\/api.w.org\/{rel}","templated":true}]}}