{"id":48830,"date":"2020-06-06T12:38:55","date_gmt":"2020-06-06T17:38:55","guid":{"rendered":"http:\/\/globalnewsmexico.com\/sitio\/?p=48830"},"modified":"2020-06-06T12:39:00","modified_gmt":"2020-06-06T17:39:00","slug":"secretario-de-educacion-indigena-detenido-por-homicidio-culposo-y-lesiones","status":"publish","type":"post","link":"https:\/\/globalnewsmexico.com\/sitio\/secretario-de-educacion-indigena-detenido-por-homicidio-culposo-y-lesiones\/","title":{"rendered":"Secretario de Educaci\u00f3n Ind\u00edgena, detenido por homicidio culposo y lesiones"},"content":{"rendered":"\n<p>La Fiscal\u00eda General del Estado de Veracruz mantiene bajo resguardo a Celerino &#8216;N&#8217;, por su probable responsabilidad en los delitos de homicidio culposo de una mujer y lesiones a un hombre.<\/p>\n\n\n\n<p>Los hechos ocurrieron en la calle Miguel Hidalgo y Venustiano Carranza, Barrio 3 del municipio de Tatahuicapan, la noche del viernes.<\/p>\n\n\n\n<p>Desde el primer momento en que se tuvo conocimiento del hecho, polic\u00edas ministeriales, peritos y fiscales se trasladaron al lugar e iniciaron las correspondientes diligencias.<\/p>\n\n\n\n<p>Celerino &#8216;N&#8217; se encuentra en calidad de detenido y en las pr\u00f3ximas horas se definir\u00e1 su situaci\u00f3n jur\u00eddica por el juez de control correspondiente, dentro del plazo constitucional.<\/p>\n","protected":false},"excerpt":{"rendered":"<p>#Local La Fiscal\u00eda General del Estado (#FGE) de #Veracruz mantiene bajo resguardo a Celerino &#8216;N&#8217;, secretario de Educaci\u00f3n Ind\u00edgena en la entidad, por su probable responsabilidad en los delitos de #homicidio culposo de una mujer y lesiones a un hombre.<\/p>\n","protected":false},"author":5,"featured_media":48831,"comment_status":"closed","ping_status":"open","sticky":false,"template":"","format":"standard","meta":{"spay_email":"","footnotes":""},"categories":[37,8,50,52],"tags":[],"jetpack_featured_media_url":"https:\/\/i1.wp.com\/globalnewsmexico.com\/sitio\/wp-content\/uploads\/2020\/06\/29e1b3a5-0202-4be8-91a0-3e8a1675766a.jpg?fit=1040%2C744&ssl=1","jetpack_sharing_enabled":true,"jetpack_shortlink":"https:\/\/wp.me\/p9yqPL-cHA","jetpack_likes_enabled":true,"_links":{"self":[{"href":"https:\/\/globalnewsmexico.com\/sitio\/wp-json\/wp\/v2\/posts\/48830"}],"collection":[{"href":"https:\/\/globalnewsmexico.com\/sitio\/wp-json\/wp\/v2\/posts"}],"about":[{"href":"https:\/\/globalnewsmexico.com\/sitio\/wp-json\/wp\/v2\/types\/post"}],"author":[{"embeddable":true,"href":"https:\/\/globalnewsmexico.com\/sitio\/wp-json\/wp\/v2\/users\/5"}],"replies":[{"embeddable":true,"href":"https:\/\/globalnewsmexico.com\/sitio\/wp-json\/wp\/v2\/comments?post=48830"}],"version-history":[{"count":0,"href":"https:\/\/globalnewsmexico.com\/sitio\/wp-json\/wp\/v2\/posts\/48830\/revisions"}],"wp:featuredmedia":[{"embeddable":true,"href":"https:\/\/globalnewsmexico.com\/sitio\/wp-json\/wp\/v2\/media\/48831"}],"wp:attachment":[{"href":"https:\/\/globalnewsmexico.com\/sitio\/wp-json\/wp\/v2\/media?parent=48830"}],"wp:term":[{"taxonomy":"category","embeddable":true,"href":"https:\/\/globalnewsmexico.com\/sitio\/wp-json\/wp\/v2\/categories?post=48830"},{"taxonomy":"post_tag","embeddable":true,"href":"https:\/\/globalnewsmexico.com\/sitio\/wp-json\/wp\/v2\/tags?post=48830"}],"curies":[{"name":"wp","href":"https:\/\/api.w.org\/{rel}","templated":true}]}}